{"id":12917,"date":"2023-10-21T08:37:43","date_gmt":"2023-10-21T08:37:43","guid":{"rendered":"https:\/\/principesdeparis.es\/principes\/?p=12917"},"modified":"2023-10-21T09:34:05","modified_gmt":"2023-10-21T09:34:05","slug":"el-real-zaragoza-habla-de-boicot-politico-a-la-nueva-romareda","status":"publish","type":"post","link":"https:\/\/principesdeparis.es\/principes\/el-real-zaragoza-habla-de-boicot-politico-a-la-nueva-romareda\/","title":{"rendered":"El Real Zaragoza habla de boicot pol\u00edtico a la nueva Romareda"},"content":{"rendered":"<p style=\"text-align: left;\"><img loading=\"lazy\" decoding=\"async\" class=\"size-medium wp-image-12924 aligncenter\" src=\"https:\/\/principesdeparis.es\/principes\/wp-content\/uploads\/2023\/10\/FB_IMG_1697880647132-227x300.jpg\" alt=\"\" width=\"227\" height=\"300\" srcset=\"https:\/\/principesdeparis.es\/principes\/wp-content\/uploads\/2023\/10\/FB_IMG_1697880647132-227x300.jpg 227w, https:\/\/principesdeparis.es\/principes\/wp-content\/uploads\/2023\/10\/FB_IMG_1697880647132-610x805.jpg 610w, https:\/\/principesdeparis.es\/principes\/wp-content\/uploads\/2023\/10\/FB_IMG_1697880647132-400x528.jpg 400w, https:\/\/principesdeparis.es\/principes\/wp-content\/uploads\/2023\/10\/FB_IMG_1697880647132.jpg 695w\" sizes=\"auto, (max-width: 227px) 100vw, 227px\" \/><\/p>\n<p style=\"text-align: left;\">El Real Zaragoza ha emitido <a href=\"https:\/\/twitter.com\/RealZaragoza\/status\/1715624940790042888?t=W4uJIVvUGF-nPTK-QSsu6g&amp;s=19\">un comunicado en el que manifiesta de desafortunada e inoportuna la intervenci\u00f3n de los partidos pol\u00edticos<\/a> un d\u00eda antes de que el equipo juegue un encuentro dentro de una temporada en la que aspira al ascenso. El texto, sin nombrar al PSOE, est\u00e1 claramente dirigido a la resoluci\u00f3n de la DPZ de no intervenir en la construcci\u00f3n de la nueva Romareda, que desde el club, que remarca su car\u00e1cter deportivo, social y apol\u00edtico, se sigue considerando prioritaria y en el que, explica, est\u00e1 dispuesto a intervenir en un Convenio junto al Ayuntamiento y la DGA. Asimismo se lamenta de estar siempre en el centro de esas disputas. La entidad subraya que existe un boicot pol\u00edtico &#8211;en concreto se centra en la izquierda&#8211; que busca el desprestigio de la nueva propiedad y de un m\u00fasculo financiero fuera de toda duda, seg\u00fan se desprende, comenta, de sus diferentes apuestas econ\u00f3micas para lograr el regreso a Primera y un estado digno para los ciudadanos. Esta respuesta llega despu\u00e9s de que Juan Antonio S\u00e1nchez Quero,\u00a0 presidente regional, dijera que la multipropiedad se retir\u00f3 del concurso por \u00abinsolvencia econ\u00f3mica\u00bb y que el proyecto era \u00abuna pantomima\u00bb.<\/p>\n","protected":false},"excerpt":{"rendered":"<p>El Real Zaragoza ha emitido un comunicado en el que manifiesta de desafortunada e inoportuna la intervenci\u00f3n de los partidos pol\u00edticos un d\u00eda antes de que el equipo juegue un encuentro dentro de una temporada en la que aspira al ascenso. El texto, sin nombrar al PSOE, est\u00e1 claramente dirigido <a class=\"read-more\" href=\"https:\/\/principesdeparis.es\/principes\/el-real-zaragoza-habla-de-boicot-politico-a-la-nueva-romareda\/\">Sigue leyendo<\/a><\/p>\n","protected":false},"author":2,"featured_media":12918,"comment_status":"open","ping_status":"open","sticky":false,"template":"","format":"standard","meta":{"footnotes":""},"categories":[15,13],"tags":[],"class_list":["post-12917","post","type-post","status-publish","format-standard","has-post-thumbnail","hentry","category-otros-temas","category-publicidad"],"_links":{"self":[{"href":"https:\/\/principesdeparis.es\/principes\/wp-json\/wp\/v2\/posts\/12917","targetHints":{"allow":["GET"]}}],"collection":[{"href":"https:\/\/principesdeparis.es\/principes\/wp-json\/wp\/v2\/posts"}],"about":[{"href":"https:\/\/principesdeparis.es\/principes\/wp-json\/wp\/v2\/types\/post"}],"author":[{"embeddable":true,"href":"https:\/\/principesdeparis.es\/principes\/wp-json\/wp\/v2\/users\/2"}],"replies":[{"embeddable":true,"href":"https:\/\/principesdeparis.es\/principes\/wp-json\/wp\/v2\/comments?post=12917"}],"version-history":[{"count":7,"href":"https:\/\/principesdeparis.es\/principes\/wp-json\/wp\/v2\/posts\/12917\/revisions"}],"predecessor-version":[{"id":12926,"href":"https:\/\/principesdeparis.es\/principes\/wp-json\/wp\/v2\/posts\/12917\/revisions\/12926"}],"wp:featuredmedia":[{"embeddable":true,"href":"https:\/\/principesdeparis.es\/principes\/wp-json\/wp\/v2\/media\/12918"}],"wp:attachment":[{"href":"https:\/\/principesdeparis.es\/principes\/wp-json\/wp\/v2\/media?parent=12917"}],"wp:term":[{"taxonomy":"category","embeddable":true,"href":"https:\/\/principesdeparis.es\/principes\/wp-json\/wp\/v2\/categories?post=12917"},{"taxonomy":"post_tag","embeddable":true,"href":"https:\/\/principesdeparis.es\/principes\/wp-json\/wp\/v2\/tags?post=12917"}],"curies":[{"name":"wp","href":"https:\/\/api.w.org\/{rel}","templated":true}]}}