{"id":12949,"date":"2023-10-21T23:02:45","date_gmt":"2023-10-21T23:02:45","guid":{"rendered":"https:\/\/principesdeparis.es\/principes\/?p=12949"},"modified":"2023-10-21T23:02:45","modified_gmt":"2023-10-21T23:02:45","slug":"el-uno-a-uno-del-real-zaragoza-eibar-2","status":"publish","type":"post","link":"https:\/\/principesdeparis.es\/principes\/el-uno-a-uno-del-real-zaragoza-eibar-2\/","title":{"rendered":"El uno a uno del Real Zaragoza-Eibar"},"content":{"rendered":"<p><strong>Las puntuaciones se realizan de 0 a 10<\/strong><\/p>\n<p><strong>S.C. (sin calificar)<\/strong><\/p>\n<p><strong>Cristian 6<\/strong><br \/>\n<strong>Lesionado<\/strong><br \/>\nRealiz\u00f3 una espectacular parada a Stoichkov con el 0-0. No pudo hacer nada en los dos primeros goles del Eibar y se fue lesionado. Al jugar su d\u00e9cimo partido, se activa su renovaci\u00f3n autom\u00e1tica hasta 2025.<\/p>\n<p><strong>Borge 6<\/strong><br \/>\n<strong>Constante<\/strong><br \/>\nLe toc\u00f3 el marcaje m\u00e1s complicado, el de Stoichkov. Sin embargo, el canterano volvi\u00f3 a cumplir con solvencia, siempre correcto en la toma de decisiones y con desparpajo en un par de salidas con el bal\u00f3n.<\/p>\n<p><strong>Llu\u00eds L\u00f3pez 4<\/strong><br \/>\n<strong>Irregular<\/strong><br \/>\nSe mantuvo firme en su posici\u00f3n, pero las dudas en los seguimientos favorecieron que el Eibar hallara espacios donde nunca se deben generar.<\/p>\n<p><strong>Jair 3<\/strong><br \/>\n<strong>Desastroso<\/strong><br \/>\nSu llamativa acci\u00f3n en el aire, con pase incluido para Grau en el segundo tanto local, dejaron paso a errores de mucho calado para un defensa de su nivel de concentraci\u00f3n. Perdi\u00f3 el norte ante Bautista y el delantero le retrat\u00f3 con un gol y una asistencia.<\/p>\n<p><strong>Quentin 6<\/strong><br \/>\n<strong>Animado<\/strong><br \/>\nEl franc\u00e9s protagoniz\u00f3 un buen partido, con m\u00e1s energ\u00eda y profundidad que nunca y destacadas incorporaciones sin desatender su trabajo defensivo.<\/p>\n<p><strong>Aguado 5<\/strong><br \/>\n<strong>Correcto<\/strong><br \/>\nDirigi\u00f3 bien al equipo frente a centrocampistas de un gran nivel t\u00e9cnico. Con el paso de los minutos, acus\u00f3 la erosi\u00f3n f\u00edsica de los esfuerzos continuados y tuvo que ser relevado.<\/p>\n<p><strong>Grau 6<\/strong><br \/>\n<strong>Cooperador<\/strong><br \/>\nMarc\u00f3 un gol de espectacular ejecuci\u00f3n y trabaj\u00f3 a destaj\u00f3 en la presi\u00f3n adelantada de la primera parte. Luego fue decayendo, ya sin con el Real Zaragoza sin ox\u00edgeno ni bal\u00f3n.<\/p>\n<p><strong>Valera 5<\/strong><br \/>\n<strong>Discontinuo<\/strong><br \/>\nArranc\u00f3 como una moto, lanzado y haciendo sufrir a R\u00edos Reina, pero el combustible se le fue consumiendo, siendo ya m\u00e1s previsible en sus intentos de desborde.<\/p>\n<p><strong>Mesa 6<\/strong><br \/>\n<strong>Finalizador<\/strong><br \/>\nTuvo un pulso fogoso con Matheus, una lucha entre dos futbolistas finos y con car\u00e1cter. Sali\u00f3 ganador en la primera mitad con un tanto rotundo. Al final el partido dej\u00f3 solo a Moya con un pase delicado, pero el centrocampista no acert\u00f3 solo ante Zidane.<\/p>\n<p><strong>Manu Vallejo 5<\/strong><br \/>\n<strong>Agotado<\/strong><br \/>\nAl igual que Valera, impetuoso y con mucha energ\u00eda hasta el 2-0. Perdido de vista el bal\u00f3n, se qued\u00f3 sin suministro y las piernas y los pulmones lo notaron.<\/p>\n<p><strong>Az\u00f3n 5<\/strong><br \/>\n<strong>Perseverante<\/strong><br \/>\nSu combate con Arbilla fue \u00e9pico por momentos. Hizo una labor muy interesante de distracci\u00f3n de la defensa del Eibar, pero no tuvo una sola oportunidad.<\/p>\n<p>&nbsp;<\/p>\n<p><strong>Tambi\u00e9n jugaron<\/strong><\/p>\n<p>Tony Moya 4<\/p>\n<p>Bakis 4<\/p>\n<p>Mollejo 3<\/p>\n<p>Poussin s.c.<\/p>\n<p>Bermejo 5<\/p>\n","protected":false},"excerpt":{"rendered":"<p>Las puntuaciones se realizan de 0 a 10 S.C. (sin calificar) Cristian 6 Lesionado Realiz\u00f3 una espectacular parada a Stoichkov con el 0-0. No pudo hacer nada en los dos primeros goles del Eibar y se fue lesionado. Al jugar su d\u00e9cimo partido, se activa su renovaci\u00f3n autom\u00e1tica hasta 2025. <a class=\"read-more\" href=\"https:\/\/principesdeparis.es\/principes\/el-uno-a-uno-del-real-zaragoza-eibar-2\/\">Sigue leyendo<\/a><\/p>\n","protected":false},"author":2,"featured_media":12950,"comment_status":"open","ping_status":"open","sticky":false,"template":"","format":"standard","meta":{"footnotes":""},"categories":[13,1],"tags":[],"class_list":["post-12949","post","type-post","status-publish","format-standard","has-post-thumbnail","hentry","category-publicidad","category-real-zaragoza"],"_links":{"self":[{"href":"https:\/\/principesdeparis.es\/principes\/wp-json\/wp\/v2\/posts\/12949","targetHints":{"allow":["GET"]}}],"collection":[{"href":"https:\/\/principesdeparis.es\/principes\/wp-json\/wp\/v2\/posts"}],"about":[{"href":"https:\/\/principesdeparis.es\/principes\/wp-json\/wp\/v2\/types\/post"}],"author":[{"embeddable":true,"href":"https:\/\/principesdeparis.es\/principes\/wp-json\/wp\/v2\/users\/2"}],"replies":[{"embeddable":true,"href":"https:\/\/principesdeparis.es\/principes\/wp-json\/wp\/v2\/comments?post=12949"}],"version-history":[{"count":1,"href":"https:\/\/principesdeparis.es\/principes\/wp-json\/wp\/v2\/posts\/12949\/revisions"}],"predecessor-version":[{"id":12951,"href":"https:\/\/principesdeparis.es\/principes\/wp-json\/wp\/v2\/posts\/12949\/revisions\/12951"}],"wp:featuredmedia":[{"embeddable":true,"href":"https:\/\/principesdeparis.es\/principes\/wp-json\/wp\/v2\/media\/12950"}],"wp:attachment":[{"href":"https:\/\/principesdeparis.es\/principes\/wp-json\/wp\/v2\/media?parent=12949"}],"wp:term":[{"taxonomy":"category","embeddable":true,"href":"https:\/\/principesdeparis.es\/principes\/wp-json\/wp\/v2\/categories?post=12949"},{"taxonomy":"post_tag","embeddable":true,"href":"https:\/\/principesdeparis.es\/principes\/wp-json\/wp\/v2\/tags?post=12949"}],"curies":[{"name":"wp","href":"https:\/\/api.w.org\/{rel}","templated":true}]}}