{"id":12974,"date":"2023-10-23T17:02:58","date_gmt":"2023-10-23T17:02:58","guid":{"rendered":"https:\/\/principesdeparis.es\/principes\/?p=12974"},"modified":"2023-10-23T21:49:58","modified_gmt":"2023-10-23T21:49:58","slug":"el-extrano-caso-de-escriba-con-frances","status":"publish","type":"post","link":"https:\/\/principesdeparis.es\/principes\/el-extrano-caso-de-escriba-con-frances\/","title":{"rendered":"El extra\u00f1o caso de Escrib\u00e1 con Franc\u00e9s"},"content":{"rendered":"<p style=\"text-align: center;\"><strong>El t\u00e9cnico, como ya hizo frente al Racing, no da un minuto al central contra el Eibar tras su regreso de la sub 21, mientras que todos los futbolistas salvo Turrientes e Ikez Mu\u00f1oz que intervinieron ante Kazajist\u00e1n han jugado con sus equipos en la \u00faltima jornada<\/strong><\/p>\n<p>Fran Escrib\u00e1 tiene un reglamento singular para algunas cosas. En uno de sus art\u00edculos recoge que aquel jugador que est\u00e9 fuera del grupo por citaciones con sus selecciones, no es titular el pr\u00f3ximo partido con el Real Zaragoza. Habr\u00e1 que ver si en el futuro se mantiene inflexible con ese mandamiento. Esta temporada ya lo aplic\u00f3 frente al Racing de Santander, cuando Alejandro Franc\u00e9s e Iv\u00e1n Az\u00f3n, dos piezas fundamentales en esta plantilla, regresaron de golear a Malta con la sub 21 de Santi Denia. Los dos se quedaron en el banquillo y el delantero salt\u00f3 al campo en el minuto 62 por Manu Vallejo, sin que su aportaci\u00f3n sirviera para cambiar el 1-1 luc\u00eda en el marcador. Del central no hubo noticias en todo el encuentro aunque se le esperaba en el lateral derecho despu\u00e9s de una agitada semana de especulaciones sobre si actuar\u00eda en uno u otro costado por la lesi\u00f3n de Nieto. La decisi\u00f3n del t\u00e9cnico fue apostar por Luna, cuya \u00faltima aparici\u00f3n en el once databa del mes de marzo ante el Legan\u00e9s, y trasladar a G\u00e1mez a la izquierda.<\/p>\n<p>El t\u00e9cnico ha vuelto a incidir en su teor\u00eda de que quien no est\u00e1 con el grupo durante un tiempo por obligaciones internacionales, se queda fuera. Franc\u00e9s vio el choque frente al Eibar sin desprenderse del ch\u00e1ndal. En principio, el notable rendimiento de Llu\u00eds L\u00f3pez en El Molin\u00f3n jugaba en su contra, pero dada la ascedencia defensiva del canterano en este equipo, se le esperaba en alg\u00fan instante de un encuentro que durante la \u00faltima media hora ped\u00eda m\u00e1s ox\u00edgeno defensivo. No hubo forma. Escrib\u00e1 se queda s\u00f3lo, o casi, en esa postura frente al resto de entrenadores que tuvieron que prescindir de futbolistas por el compromiso de la Rojita con Kazajist\u00e1n. S\u00f3lo Imanol Alguacil y Joseba Arrasate hicieron lo mismo con Turrientes (Real Sociedad) e Iker Mu\u00f1oz (Osasuna) en la jornada posterior a esa cita de la Rojita, quienes no tuvieron tiempo ante Mallorca y Osasuna. Rub\u00e9n Baraja ha contado de salida este lunes frente al C\u00e1diz con Javi Guerra, Fran P\u00e9rez y Diego L\u00f3pez.<\/p>\n<p>Pablo Cu\u00f1at estuvo en la porter\u00eda del Amorebieta; Hugo Novoa particip\u00f3 en la goleada del Utrecht al Ajax; Rafa Mar\u00edn (Alav\u00e9s) sustituy\u00f3 a Guevara en Villarreal; \u00c1lvaro Fern\u00e1ndez fue titular con el Granada ante Osasuna; Pablo Torre (Girona) disput\u00f3 cuatro minutos por Iv\u00e1n Mart\u00edn; Ferm\u00edn L\u00f3pez (Bar\u00e7a) sali\u00f3 de inicio contra el Athletic; Assane Diao (Betis) se mantuvo los 90 minutos en el campo ante el Getafe; Gabri Veiga (Al-Ahli SFC) jug\u00f3 de principio a fin; Carlos Mart\u00edn (Mirand\u00e9s) dispuso de 12 minutos en lugar de Javier Mart\u00f3n, y Samu Omorodion (Alav\u00e9s) relev\u00f3 a Kike Garc\u00eda en La cer\u00e1mica en el minuto 72. Alejandro Franc\u00e9s&#8230; Pregunten a Escrib\u00e1.<\/p>\n","protected":false},"excerpt":{"rendered":"<p>El t\u00e9cnico, como ya hizo frente al Racing, no da un minuto al central contra el Eibar tras su regreso de la sub 21, mientras que todos los futbolistas salvo Turrientes e Ikez Mu\u00f1oz que intervinieron ante Kazajist\u00e1n han jugado con sus equipos en la \u00faltima jornada Fran Escrib\u00e1 tiene <a class=\"read-more\" href=\"https:\/\/principesdeparis.es\/principes\/el-extrano-caso-de-escriba-con-frances\/\">Sigue leyendo<\/a><\/p>\n","protected":false},"author":2,"featured_media":12975,"comment_status":"open","ping_status":"open","sticky":false,"template":"","format":"standard","meta":{"footnotes":""},"categories":[13,1],"tags":[],"class_list":["post-12974","post","type-post","status-publish","format-standard","has-post-thumbnail","hentry","category-publicidad","category-real-zaragoza"],"_links":{"self":[{"href":"https:\/\/principesdeparis.es\/principes\/wp-json\/wp\/v2\/posts\/12974","targetHints":{"allow":["GET"]}}],"collection":[{"href":"https:\/\/principesdeparis.es\/principes\/wp-json\/wp\/v2\/posts"}],"about":[{"href":"https:\/\/principesdeparis.es\/principes\/wp-json\/wp\/v2\/types\/post"}],"author":[{"embeddable":true,"href":"https:\/\/principesdeparis.es\/principes\/wp-json\/wp\/v2\/users\/2"}],"replies":[{"embeddable":true,"href":"https:\/\/principesdeparis.es\/principes\/wp-json\/wp\/v2\/comments?post=12974"}],"version-history":[{"count":3,"href":"https:\/\/principesdeparis.es\/principes\/wp-json\/wp\/v2\/posts\/12974\/revisions"}],"predecessor-version":[{"id":12983,"href":"https:\/\/principesdeparis.es\/principes\/wp-json\/wp\/v2\/posts\/12974\/revisions\/12983"}],"wp:featuredmedia":[{"embeddable":true,"href":"https:\/\/principesdeparis.es\/principes\/wp-json\/wp\/v2\/media\/12975"}],"wp:attachment":[{"href":"https:\/\/principesdeparis.es\/principes\/wp-json\/wp\/v2\/media?parent=12974"}],"wp:term":[{"taxonomy":"category","embeddable":true,"href":"https:\/\/principesdeparis.es\/principes\/wp-json\/wp\/v2\/categories?post=12974"},{"taxonomy":"post_tag","embeddable":true,"href":"https:\/\/principesdeparis.es\/principes\/wp-json\/wp\/v2\/tags?post=12974"}],"curies":[{"name":"wp","href":"https:\/\/api.w.org\/{rel}","templated":true}]}}