{"id":12977,"date":"2023-10-23T21:19:28","date_gmt":"2023-10-23T21:19:28","guid":{"rendered":"https:\/\/principesdeparis.es\/principes\/?p=12977"},"modified":"2023-10-23T21:19:28","modified_gmt":"2023-10-23T21:19:28","slug":"mi-opinion-en-minuto-32-15","status":"publish","type":"post","link":"https:\/\/principesdeparis.es\/principes\/mi-opinion-en-minuto-32-15\/","title":{"rendered":"Mi opini\u00f3n en Minuto 32"},"content":{"rendered":"<header class=\"entry-header\">\n<div class=\"entry-meta\" style=\"text-align: center;\"><span style=\"color: #0000ff;\"><strong>Jornada 12\u00aa \/ Real Zaragoza 2 Eibar 3<\/strong><\/span><\/div>\n<\/header>\n<div class=\"entry-content\">\n<h3 style=\"text-align: center;\"><span style=\"color: #0000ff;\">\u00abNo soy tremendista con la situaci\u00f3n clasificatoria porque la distancia con al ascenso directo es corta, pero me preocupa que Fran Escrib\u00e1 se\u00f1ale en exclusiva a los jugadores como \u00fanicos responsables de los \u00faltimos resultados, lo que puede trasladar la crisis deportiva al ego siempre sensible del vestuario\u00bb<\/span><\/h3>\n<\/div>\n<p><iframe style=\"border-radius:12px\" src=\"https:\/\/open.spotify.com\/embed\/episode\/05cZMSVs5Cgc6qgp19JGTt?utm_source=generator\" width=\"100%\" height=\"352\" frameBorder=\"0\" allowfullscreen=\"\" allow=\"autoplay; clipboard-write; encrypted-media; fullscreen; picture-in-picture\" loading=\"lazy\"><\/iframe><\/p>\n","protected":false},"excerpt":{"rendered":"<p>Jornada 12\u00aa \/ Real Zaragoza 2 Eibar 3 \u00abNo soy tremendista con la situaci\u00f3n clasificatoria porque la distancia con al ascenso directo es corta, pero me preocupa que Fran Escrib\u00e1 se\u00f1ale en exclusiva a los jugadores como \u00fanicos responsables de los \u00faltimos resultados, lo que puede trasladar la crisis deportiva <a class=\"read-more\" href=\"https:\/\/principesdeparis.es\/principes\/mi-opinion-en-minuto-32-15\/\">Sigue leyendo<\/a><\/p>\n","protected":false},"author":2,"featured_media":12979,"comment_status":"open","ping_status":"open","sticky":false,"template":"","format":"standard","meta":{"footnotes":""},"categories":[13,1],"tags":[],"class_list":["post-12977","post","type-post","status-publish","format-standard","has-post-thumbnail","hentry","category-publicidad","category-real-zaragoza"],"_links":{"self":[{"href":"https:\/\/principesdeparis.es\/principes\/wp-json\/wp\/v2\/posts\/12977","targetHints":{"allow":["GET"]}}],"collection":[{"href":"https:\/\/principesdeparis.es\/principes\/wp-json\/wp\/v2\/posts"}],"about":[{"href":"https:\/\/principesdeparis.es\/principes\/wp-json\/wp\/v2\/types\/post"}],"author":[{"embeddable":true,"href":"https:\/\/principesdeparis.es\/principes\/wp-json\/wp\/v2\/users\/2"}],"replies":[{"embeddable":true,"href":"https:\/\/principesdeparis.es\/principes\/wp-json\/wp\/v2\/comments?post=12977"}],"version-history":[{"count":3,"href":"https:\/\/principesdeparis.es\/principes\/wp-json\/wp\/v2\/posts\/12977\/revisions"}],"predecessor-version":[{"id":12981,"href":"https:\/\/principesdeparis.es\/principes\/wp-json\/wp\/v2\/posts\/12977\/revisions\/12981"}],"wp:featuredmedia":[{"embeddable":true,"href":"https:\/\/principesdeparis.es\/principes\/wp-json\/wp\/v2\/media\/12979"}],"wp:attachment":[{"href":"https:\/\/principesdeparis.es\/principes\/wp-json\/wp\/v2\/media?parent=12977"}],"wp:term":[{"taxonomy":"category","embeddable":true,"href":"https:\/\/principesdeparis.es\/principes\/wp-json\/wp\/v2\/categories?post=12977"},{"taxonomy":"post_tag","embeddable":true,"href":"https:\/\/principesdeparis.es\/principes\/wp-json\/wp\/v2\/tags?post=12977"}],"curies":[{"name":"wp","href":"https:\/\/api.w.org\/{rel}","templated":true}]}}