{"id":12988,"date":"2023-10-24T11:04:04","date_gmt":"2023-10-24T11:04:04","guid":{"rendered":"https:\/\/principesdeparis.es\/principes\/?p=12988"},"modified":"2023-10-24T12:07:39","modified_gmt":"2023-10-24T12:07:39","slug":"cristian-y-gamez-un-mes-de-baja","status":"publish","type":"post","link":"https:\/\/principesdeparis.es\/principes\/cristian-y-gamez-un-mes-de-baja\/","title":{"rendered":"Cristian y G\u00e1mez, un mes de baja"},"content":{"rendered":"<p>Las pruebas radiol\u00f3gicas realizadas a los jugadores Fran G\u00e1mez y Cristian \u00c1lvarez han revelado que ambos sufren una lesi\u00f3n de grado 2 a nivel de la musculatura isquiotibial de la pierna izquierda. La recuperaci\u00f3n de ambos, aunquese espera que el defensa evoluciones con m\u00e1s celeridad, se estima en aproximadamente un mes, lo que significa que el portero y el lateral se perder\u00e1n los encuentros de Liga frente a Burgos, Elche, Oviedo y Huesca, adem\u00e1s de la eliminatoria de Copa contra el Atzeneta UE.<\/p>\n","protected":false},"excerpt":{"rendered":"<p>Las pruebas radiol\u00f3gicas realizadas a los jugadores Fran G\u00e1mez y Cristian \u00c1lvarez han revelado que ambos sufren una lesi\u00f3n de grado 2 a nivel de la musculatura isquiotibial de la pierna izquierda. La recuperaci\u00f3n de ambos, aunquese espera que el defensa evoluciones con m\u00e1s celeridad, se estima en aproximadamente un <a class=\"read-more\" href=\"https:\/\/principesdeparis.es\/principes\/cristian-y-gamez-un-mes-de-baja\/\">Sigue leyendo<\/a><\/p>\n","protected":false},"author":2,"featured_media":12989,"comment_status":"open","ping_status":"open","sticky":false,"template":"","format":"standard","meta":{"footnotes":""},"categories":[13,1],"tags":[],"class_list":["post-12988","post","type-post","status-publish","format-standard","has-post-thumbnail","hentry","category-publicidad","category-real-zaragoza"],"_links":{"self":[{"href":"https:\/\/principesdeparis.es\/principes\/wp-json\/wp\/v2\/posts\/12988","targetHints":{"allow":["GET"]}}],"collection":[{"href":"https:\/\/principesdeparis.es\/principes\/wp-json\/wp\/v2\/posts"}],"about":[{"href":"https:\/\/principesdeparis.es\/principes\/wp-json\/wp\/v2\/types\/post"}],"author":[{"embeddable":true,"href":"https:\/\/principesdeparis.es\/principes\/wp-json\/wp\/v2\/users\/2"}],"replies":[{"embeddable":true,"href":"https:\/\/principesdeparis.es\/principes\/wp-json\/wp\/v2\/comments?post=12988"}],"version-history":[{"count":3,"href":"https:\/\/principesdeparis.es\/principes\/wp-json\/wp\/v2\/posts\/12988\/revisions"}],"predecessor-version":[{"id":12993,"href":"https:\/\/principesdeparis.es\/principes\/wp-json\/wp\/v2\/posts\/12988\/revisions\/12993"}],"wp:featuredmedia":[{"embeddable":true,"href":"https:\/\/principesdeparis.es\/principes\/wp-json\/wp\/v2\/media\/12989"}],"wp:attachment":[{"href":"https:\/\/principesdeparis.es\/principes\/wp-json\/wp\/v2\/media?parent=12988"}],"wp:term":[{"taxonomy":"category","embeddable":true,"href":"https:\/\/principesdeparis.es\/principes\/wp-json\/wp\/v2\/categories?post=12988"},{"taxonomy":"post_tag","embeddable":true,"href":"https:\/\/principesdeparis.es\/principes\/wp-json\/wp\/v2\/tags?post=12988"}],"curies":[{"name":"wp","href":"https:\/\/api.w.org\/{rel}","templated":true}]}}