{"id":12997,"date":"2023-10-25T10:59:56","date_gmt":"2023-10-25T10:59:56","guid":{"rendered":"https:\/\/principesdeparis.es\/principes\/?p=12997"},"modified":"2023-10-25T10:59:56","modified_gmt":"2023-10-25T10:59:56","slug":"azon-debemos-ser-un-grupo-para-acabar-con-la-mala-racha","status":"publish","type":"post","link":"https:\/\/principesdeparis.es\/principes\/azon-debemos-ser-un-grupo-para-acabar-con-la-mala-racha\/","title":{"rendered":"Az\u00f3n: \u00abDebemos ser un grupo para acabar con la mala racha\u00bb"},"content":{"rendered":"<p><strong>Causas del momento:<\/strong> \u00abIgual que empezamos muy bien por ser ser un grupo, ahora debemos apoyarnos entre nosotros. Hay cortar la racha en base a esa uni\u00f3n colectiva\u00bb.<\/p>\n<p><strong>Defensa fr\u00e1gil:<\/strong> \u00abAl equipo le ha faltado ese punto de intensidad que ten\u00edamos al principio, y alguna relajaci\u00f3n en jugadas puntuales nos han penalizado mucho\u00bb.<\/p>\n<p><strong>Estado de forma:<\/strong> \u00abMe esta dando mucha confianza el m\u00edster y es importante recibirla, pero debe seguir trabajando porque hay compa\u00f1eros que de calidad que obligan a no bajar la guardia\u00bb.<\/p>\n<p><strong>Oto\u00f1os de ca\u00edda:<\/strong> \u00abEl f\u00fatbol es una cuesti\u00f3n de rachas. Hay que cortarla cuanto antes, mantenernos fuertes como grupo y adem\u00e1s de escuchar a la afici\u00f3n hay que hacerlo con el compa\u00f1ero, que es con el que convives todos los d\u00edas y con el que puedes sacar conclusiones\u00bb.<\/p>\n<p>Errores individuales: \u00abPuede ser concentraci\u00f3n. No podemos relajarnos. Lo importante es mantenerse siempre dentro del partido. Tambi\u00e9n cuenta la suerte\u00bb.<\/p>\n<p><strong>Bakis sin gol<\/strong>: \u00abBakis y Sergi no est\u00e1 jugando pero debo seguir alerta y dar el m\u00e1ximo. El gol les llegar\u00e1 seguro a ambos. Me encuentro c\u00f3modo solo o en compa\u00f1\u00eda. Es cuesti\u00f3n de aclimatarte\u00bb.<\/p>\n<p><strong>Francho,<\/strong> ausencia y Borge: \u00abFrancho parce que volver\u00e1 pronto. Le echamos de menos porque nos da un plus que nos va ayudar en cuanto vuelva. Con Borge me alegro mucho por \u00e9l, por su buen rendimiento. No ten\u00eda duda alguna de que iba a hacerlo fenomenal\u00bb.<\/p>\n<p><strong>Objetivo:<\/strong> \u00abQueremos estar arriba como al principio. De todas formas 20 puntos tampoco est\u00e1 mal y hemos hecho muy buenos partidos\u00bb.<\/p>\n<p><strong>Marcajes duros:<\/strong> \u00abEs mi manera de jugar. Es cierto que muchas veces le comento al \u00e1rbitro algunas faltas que me hacen. Se le da mucha ventaja al defensa y es m\u00e1s dif\u00edcil para el atacante\u00bb.<\/p>\n<p><strong>Burgos:<\/strong> \u00abEsta siendo muy fuerte en casa y queremos acabar con esa racha de ellos. Para nosotros es su encuentro muy importante para recuperar la senda del principio\u00bb.<\/p>\n<p><strong>Sub 21:<\/strong> \u00abIr con la selecci\u00f3n de tu pa\u00eds es un orgullo. Seguir\u00e9 trabajando para ser convovado m\u00e1s veces\u00bb.<\/p>\n","protected":false},"excerpt":{"rendered":"<p>Causas del momento: \u00abIgual que empezamos muy bien por ser ser un grupo, ahora debemos apoyarnos entre nosotros. Hay cortar la racha en base a esa uni\u00f3n colectiva\u00bb. Defensa fr\u00e1gil: \u00abAl equipo le ha faltado ese punto de intensidad que ten\u00edamos al principio, y alguna relajaci\u00f3n en jugadas puntuales nos <a class=\"read-more\" href=\"https:\/\/principesdeparis.es\/principes\/azon-debemos-ser-un-grupo-para-acabar-con-la-mala-racha\/\">Sigue leyendo<\/a><\/p>\n","protected":false},"author":2,"featured_media":12998,"comment_status":"open","ping_status":"open","sticky":false,"template":"","format":"standard","meta":{"footnotes":""},"categories":[13,1],"tags":[],"class_list":["post-12997","post","type-post","status-publish","format-standard","has-post-thumbnail","hentry","category-publicidad","category-real-zaragoza"],"_links":{"self":[{"href":"https:\/\/principesdeparis.es\/principes\/wp-json\/wp\/v2\/posts\/12997","targetHints":{"allow":["GET"]}}],"collection":[{"href":"https:\/\/principesdeparis.es\/principes\/wp-json\/wp\/v2\/posts"}],"about":[{"href":"https:\/\/principesdeparis.es\/principes\/wp-json\/wp\/v2\/types\/post"}],"author":[{"embeddable":true,"href":"https:\/\/principesdeparis.es\/principes\/wp-json\/wp\/v2\/users\/2"}],"replies":[{"embeddable":true,"href":"https:\/\/principesdeparis.es\/principes\/wp-json\/wp\/v2\/comments?post=12997"}],"version-history":[{"count":1,"href":"https:\/\/principesdeparis.es\/principes\/wp-json\/wp\/v2\/posts\/12997\/revisions"}],"predecessor-version":[{"id":12999,"href":"https:\/\/principesdeparis.es\/principes\/wp-json\/wp\/v2\/posts\/12997\/revisions\/12999"}],"wp:featuredmedia":[{"embeddable":true,"href":"https:\/\/principesdeparis.es\/principes\/wp-json\/wp\/v2\/media\/12998"}],"wp:attachment":[{"href":"https:\/\/principesdeparis.es\/principes\/wp-json\/wp\/v2\/media?parent=12997"}],"wp:term":[{"taxonomy":"category","embeddable":true,"href":"https:\/\/principesdeparis.es\/principes\/wp-json\/wp\/v2\/categories?post=12997"},{"taxonomy":"post_tag","embeddable":true,"href":"https:\/\/principesdeparis.es\/principes\/wp-json\/wp\/v2\/tags?post=12997"}],"curies":[{"name":"wp","href":"https:\/\/api.w.org\/{rel}","templated":true}]}}