{"id":130,"date":"2021-01-22T18:13:27","date_gmt":"2021-01-22T18:13:27","guid":{"rendered":"https:\/\/principesdeparis.es\/principes\/?p=130"},"modified":"2021-01-22T18:13:27","modified_gmt":"2021-01-22T18:13:27","slug":"todos-amamos-a-la-abuela-de-javi-ontiveros","status":"publish","type":"post","link":"https:\/\/principesdeparis.es\/principes\/todos-amamos-a-la-abuela-de-javi-ontiveros\/","title":{"rendered":"Todos amamos a la abuela de Javi Ontiveros"},"content":{"rendered":"<p id=\"viewer-cf7i9\" class=\"XzvDs _208Ie ljrnk blog-post-text-font blog-post-text-color _2QAo- _25MYV _1Fao9 ljrnk public-DraftStyleDefault-block-depth0 public-DraftStyleDefault-text-ltr\"><span class=\"vkIF2 public-DraftStyleDefault-ltr\">El alcance de cualquier <strong>gesto<\/strong>, en el f\u00fatbol profesional tiene una repercusi\u00f3n globalizadora. No siempre para bien, en muchas ocasiones para cuestionar si este maravilloso deporte en el que reinan los <strong>pies<\/strong> por encima de la <strong>cabeza<\/strong> merece semejante<strong> pasi\u00f3n<\/strong>. Su <strong>amplitud emocional,<\/strong> sin embargo, suele despojar al ser humano de velos hip\u00f3critas, como ocurri\u00f3 cuando <strong>Javi Ontiveros<\/strong>, futbolista de la SD Huesca, nos regal\u00f3 aquella <strong>celebraci\u00f3n<\/strong> del gol entre <strong>sollozos<\/strong>, mostr\u00e1ndole un coraz\u00f3n y susurr\u00e1ndole un<strong> \u00abte amo\u00bb <\/strong>a las c\u00e1maras que le reclamaban. Al final del encuentro, descubri\u00f3 que la liturgia iba dedicada a <strong>su abuela<\/strong>, enferma entonces de<strong> covid-19<\/strong>. El chico, mientras lo explicaba, <strong>rompi\u00f3 a llorar<\/strong> de nuevo. La realidad super\u00f3 a la ficci\u00f3n y provoc\u00f3 una doble empat\u00eda universal: por el <strong>ni\u00f1o que reza<\/strong> una oraci\u00f3n sin religiones y por el dolor de un mujer postrada muy cerca de la muerte. Esta ma\u00f1ana, su abuela <strong>ha fallecido<\/strong>.<\/span><\/p>\n<div id=\"viewer-7qk9o\" class=\"XzvDs _208Ie ljrnk blog-post-text-font blog-post-text-color _2QAo- _25MYV _1Fao9 ljrnk public-DraftStyleDefault-block-depth0 public-DraftStyleDefault-text-ltr\">5<\/div>\n<p id=\"viewer-263ov\" class=\"XzvDs _208Ie ljrnk blog-post-text-font blog-post-text-color _2QAo- _25MYV _1Fao9 ljrnk public-DraftStyleDefault-block-depth0 public-DraftStyleDefault-text-ltr\"><span class=\"vkIF2 public-DraftStyleDefault-ltr\"><strong>Ontiveros<\/strong> solo pretend\u00eda hacer de su felicidad una <strong>medicina<\/strong> para alguien tan<strong> especial<\/strong> en su vida. Lo consigui\u00f3 pese a que ahora parezca lo contrario. La <strong>inmortaliz\u00f3<\/strong> en ese momento que, irremediablemente, en el futuro quedar\u00e1 enmarcado en su<strong> recuerdo<\/strong> y el de sus familiares. En ese espacio<strong> \u00edntimo<\/strong> donde descansar\u00e1 su aut\u00e9ntica memoria, las causas por las que su nieto decidi\u00f3 rendirle un homenaje de <strong>amor. <\/strong>El <strong>ritual <\/strong>del jugador estaba muy<strong> personalizado<\/strong>, como es l\u00f3gico, pero consigui\u00f3 alcanzar la <strong>fibra<\/strong> de los testigos presenciales y de quienes vieron las im\u00e1genes despu\u00e9s. Nos trajo la<strong> figura<\/strong> siempre enternecedora de nuestras abuelos y, sobre todo, la de aquellos que se ha llevado la <strong>pandemia<\/strong> en su inmisericorde equipaje de soledades. Con los <strong>campos vac\u00edos<\/strong>, el f\u00fatbol carece de mucho sentido, pero<strong> Ontiveros<\/strong> se lo dio con el <strong>coraz\u00f3n<\/strong> dibujado en sus manos y en sus <strong>l\u00e1grimas<\/strong>. Por eso amamos todos a su abuela, que es<strong> la nuestra.<\/strong><\/span><\/p>\n","protected":false},"excerpt":{"rendered":"<p>El alcance de cualquier gesto, en el f\u00fatbol profesional tiene una repercusi\u00f3n globalizadora. No siempre para bien, en muchas ocasiones para cuestionar si este maravilloso deporte en el que reinan los pies por encima de la cabeza merece semejante pasi\u00f3n. Su amplitud emocional, sin embargo, suele despojar al ser humano <a class=\"read-more\" href=\"https:\/\/principesdeparis.es\/principes\/todos-amamos-a-la-abuela-de-javi-ontiveros\/\">Sigue leyendo<\/a><\/p>\n","protected":false},"author":1,"featured_media":131,"comment_status":"open","ping_status":"open","sticky":false,"template":"","format":"standard","meta":{"footnotes":""},"categories":[3],"tags":[],"class_list":["post-130","post","type-post","status-publish","format-standard","has-post-thumbnail","hentry","category-sd-huesca"],"_links":{"self":[{"href":"https:\/\/principesdeparis.es\/principes\/wp-json\/wp\/v2\/posts\/130","targetHints":{"allow":["GET"]}}],"collection":[{"href":"https:\/\/principesdeparis.es\/principes\/wp-json\/wp\/v2\/posts"}],"about":[{"href":"https:\/\/principesdeparis.es\/principes\/wp-json\/wp\/v2\/types\/post"}],"author":[{"embeddable":true,"href":"https:\/\/principesdeparis.es\/principes\/wp-json\/wp\/v2\/users\/1"}],"replies":[{"embeddable":true,"href":"https:\/\/principesdeparis.es\/principes\/wp-json\/wp\/v2\/comments?post=130"}],"version-history":[{"count":1,"href":"https:\/\/principesdeparis.es\/principes\/wp-json\/wp\/v2\/posts\/130\/revisions"}],"predecessor-version":[{"id":132,"href":"https:\/\/principesdeparis.es\/principes\/wp-json\/wp\/v2\/posts\/130\/revisions\/132"}],"wp:featuredmedia":[{"embeddable":true,"href":"https:\/\/principesdeparis.es\/principes\/wp-json\/wp\/v2\/media\/131"}],"wp:attachment":[{"href":"https:\/\/principesdeparis.es\/principes\/wp-json\/wp\/v2\/media?parent=130"}],"wp:term":[{"taxonomy":"category","embeddable":true,"href":"https:\/\/principesdeparis.es\/principes\/wp-json\/wp\/v2\/categories?post=130"},{"taxonomy":"post_tag","embeddable":true,"href":"https:\/\/principesdeparis.es\/principes\/wp-json\/wp\/v2\/tags?post=130"}],"curies":[{"name":"wp","href":"https:\/\/api.w.org\/{rel}","templated":true}]}}