{"id":13002,"date":"2023-10-26T17:22:47","date_gmt":"2023-10-26T17:22:47","guid":{"rendered":"https:\/\/principesdeparis.es\/principes\/?p=13002"},"modified":"2023-10-26T17:47:52","modified_gmt":"2023-10-26T17:47:52","slug":"las-maldicion-de-escriba-con-las-segundas-temporadas","status":"publish","type":"post","link":"https:\/\/principesdeparis.es\/principes\/las-maldicion-de-escriba-con-las-segundas-temporadas\/","title":{"rendered":"Las maldici\u00f3n de Escrib\u00e1 con las segundas temporadas"},"content":{"rendered":"<p style=\"text-align: center;\"><strong>El t\u00e9cnico del Real Zaragoza, un bombero de Primera que despeg\u00f3 en el Elche y tan s\u00f3lo ha vivido en su carrera una temporada completa y feliz en el Villarreal tras la destituci\u00f3n veraniega de Marcelino, se enfrenta en el equipo aragon\u00e9s a una de sus mayores crisis de resultados y confirma que la continuidad en los equipos le sienta muy mal<\/strong><\/p>\n<p>Fean Escrib\u00e1 se reconoce como un entrenador de Primera y su curr\u00edculum as\u00ed lo certifica en 12 ejercicios sin pausa en el banquillo. En Segunda s\u00f3lo ha entrenado una temporada al Elche, al que hizo campe\u00f3n y le sirvi\u00f3 de trampol\u00edn hacia otros destinos con dos permanencias (la \u00faltima frustrada por un descenso administrativo por impagos a Hacienda), y un par al Real Zaragoza. Sin embargo, por la \u00e9lite ha dejado una huella de t\u00e9cnico salvavidas que en las segundas oportunidades ha salido por la puerta de atr\u00e1s. S\u00f3lo en el Villarreal, que cogi\u00f3 en pleno incendio por la destituci\u00f3n de Marcelino a d\u00edas de jugarse la fase previa de la Champions con el M\u00f3naco, logr\u00f3 ser feliz al completo, por lo menos durante 13 meses. La Real Sociedad elimin\u00f3 de la Copa al Submarino en octavos y la Roma le dej\u00f3 fuera de la Europa League en dieciseisavos, pero Escrib\u00e1 consigui\u00f3 que los <em>groguets<\/em> se clasificaran quintos y volvieran a repetir en una competici\u00f3n continental. Al sexto partido de la siguiente campa\u00f1a, despu\u00e9s de caer 4-0 en Getafe, se le busc\u00f3 recambio en Javier Calleja. Es una de las grandes heridas abiertas del valenciano porque hubo una urgencia desmesurada en esa decisi\u00f3n.<\/p>\n<p>Este lunes se enfrenta a una de sus rachas m\u00e1s terribles como profesional, en esta ocasi\u00f3n con un proyecto ganador despu\u00e9s de su aterrizaje el curso pasado para sacar con nota al club de su en\u00e9simo coqueteo con el descenso. El Real Zaragoza ha sumado 5 de 21 puntos gracias a la triste victoria en Andorra y los empates con Racing y Sporting, con cuatro derrotas, tres de ellas en La Romareda, acentuando la crisis. Si no gana al Burgos en el Plant\u00edo, Escrib\u00e1 regresar\u00eda a un escenario que le es familiar en sus segundas experiencias al frente del mismo equipo. Despu\u00e9s de su dolorosa salida de El Madrigal, el Getafe le entreg\u00f3 las riendas, pero tras un vendaval de diez derrotas y dos empates, se le invit\u00f3 a salir del Coliseum Alfonso P\u00e9rez en la jornada 32 con los azulones pen\u00faltimos. No estuvo mucho en el paro. El Celta estaba al borde del abismo sin que Mohamed y luego Cardoso pusieran remedio. Hizo un trabajo decoroso en Vigo en una docena de encuentros, con cuatro triunfos, uno clave frente al Bar\u00e7a, y cuatro tablas que le permitieron salir a flote. Repiti\u00f3 de celeste y en doce partidos s\u00f3lo sac\u00f3 9 puntos de 36, lo que anim\u00f3 a la directiva gallega a destituirle con el equipo en descenso.<\/p>\n<p>El Elche volvi\u00f3 a llamar a las puertas de Escrib\u00e1 despu\u00e9s de que con el argentino Almir\u00f3n el conjunto franjiverde se hallara en el 19\u00aa puesto. Otra vez lleg\u00f3 con la manguera y apag\u00f3 el firm\u00f3 la salvaci\u00f3n en la \u00faltima jornada gracias a su victoria frente al Athletic con tantos de Boy\u00e9 y el exzaragocista Guti y, sobre todo, a la incapacidad del Huesca, que con un empate sin goles en El Alcoraz frente al Valencia se fue a Segunda superado por los ilicitanos. El t\u00e9cnico continu\u00f3 en el que ha sido su mejor refugio. Seis puntos en los siete primeros encuentros y cinco en los siete siguientes sentenciaron a Escrib\u00e1, que fue cesado con el Elche 18\u00ba, en la franja roja de la clasificaci\u00f3n. La campa\u00f1a anterior, el Real Zaragoza le entreg\u00f3 el testigo de Carcedo, un regreso a Segunda que culmin\u00f3 con un buen trabajo, aval suficiente para que la multipropiedad le mantuviera en el cargo hasta 2024, cuando finaliza su relaci\u00f3n laboral.<\/p>\n<p>El arrebatador arranque del conjunto aragon\u00e9s con cinco victorias consecutivas y liderato incluido pareci\u00f3 dar la raz\u00f3n a Ra\u00fal Sanlleh\u00ed y a Juan Carlos Cordero al respetar el contrato del entrenador. El director deportivo gestion\u00f3 una sobresaliente operaci\u00f3n de entradas y salidas, formado una plantilla con calado competitivo para aspirar a estar en teor\u00eda entre los mejores o muy cerca de ellos. Todo iba sobre ruedas menos el f\u00fatbol, de profunda huella defensiva y con una considerable efectividad en ataque. Escrib\u00e1 no estaba satisfecho y busc\u00f3 respuestas en cambios de sistema y de jugadores que condujeron a una desestabilizaci\u00f3n reflejada en un juego despersonalizado y en los marcadores. El Real Zaragoza viajar\u00e1 a Burgos en la novena plaza, por primera vez fuera de las seis primeras posiciones aunque con tan s\u00f3lo tres puntos de distancia con el ascenso directo. Las alarmas no se han encendido pero s\u00ed la preocupaci\u00f3n en el caso de no levantar cabeza en El Plant\u00edo, donde no estar\u00e1n Cristian y G\u00e1mez, lesionados, ni el m\u00e1ximo goleador Mesa por acumulaci\u00f3n de tarjetas. El fantasma de las p\u00e9simas segundas partes con Escrib\u00e1 se pasear\u00eda de nuevo c\u00f3modo por los pasillos de la biograf\u00eda de un entrenador que apaga fuegos ajenos pero a quien le es imposible extinguir sus incendios.<\/p>\n","protected":false},"excerpt":{"rendered":"<p>El t\u00e9cnico del Real Zaragoza, un bombero de Primera que despeg\u00f3 en el Elche y tan s\u00f3lo ha vivido en su carrera una temporada completa y feliz en el Villarreal tras la destituci\u00f3n veraniega de Marcelino, se enfrenta en el equipo aragon\u00e9s a una de sus mayores crisis de resultados <a class=\"read-more\" href=\"https:\/\/principesdeparis.es\/principes\/las-maldicion-de-escriba-con-las-segundas-temporadas\/\">Sigue leyendo<\/a><\/p>\n","protected":false},"author":2,"featured_media":13004,"comment_status":"open","ping_status":"open","sticky":false,"template":"","format":"standard","meta":{"footnotes":""},"categories":[13,1],"tags":[],"class_list":["post-13002","post","type-post","status-publish","format-standard","has-post-thumbnail","hentry","category-publicidad","category-real-zaragoza"],"_links":{"self":[{"href":"https:\/\/principesdeparis.es\/principes\/wp-json\/wp\/v2\/posts\/13002","targetHints":{"allow":["GET"]}}],"collection":[{"href":"https:\/\/principesdeparis.es\/principes\/wp-json\/wp\/v2\/posts"}],"about":[{"href":"https:\/\/principesdeparis.es\/principes\/wp-json\/wp\/v2\/types\/post"}],"author":[{"embeddable":true,"href":"https:\/\/principesdeparis.es\/principes\/wp-json\/wp\/v2\/users\/2"}],"replies":[{"embeddable":true,"href":"https:\/\/principesdeparis.es\/principes\/wp-json\/wp\/v2\/comments?post=13002"}],"version-history":[{"count":7,"href":"https:\/\/principesdeparis.es\/principes\/wp-json\/wp\/v2\/posts\/13002\/revisions"}],"predecessor-version":[{"id":13010,"href":"https:\/\/principesdeparis.es\/principes\/wp-json\/wp\/v2\/posts\/13002\/revisions\/13010"}],"wp:featuredmedia":[{"embeddable":true,"href":"https:\/\/principesdeparis.es\/principes\/wp-json\/wp\/v2\/media\/13004"}],"wp:attachment":[{"href":"https:\/\/principesdeparis.es\/principes\/wp-json\/wp\/v2\/media?parent=13002"}],"wp:term":[{"taxonomy":"category","embeddable":true,"href":"https:\/\/principesdeparis.es\/principes\/wp-json\/wp\/v2\/categories?post=13002"},{"taxonomy":"post_tag","embeddable":true,"href":"https:\/\/principesdeparis.es\/principes\/wp-json\/wp\/v2\/tags?post=13002"}],"curies":[{"name":"wp","href":"https:\/\/api.w.org\/{rel}","templated":true}]}}