{"id":13051,"date":"2023-11-01T11:19:03","date_gmt":"2023-11-01T11:19:03","guid":{"rendered":"https:\/\/principesdeparis.es\/principes\/?p=13051"},"modified":"2023-11-01T11:57:55","modified_gmt":"2023-11-01T11:57:55","slug":"escriba-sobre-su-futuro-es-ruido-un-debate-que-no-deberia-estar-abierto","status":"publish","type":"post","link":"https:\/\/principesdeparis.es\/principes\/escriba-sobre-su-futuro-es-ruido-un-debate-que-no-deberia-estar-abierto\/","title":{"rendered":"Escrib\u00e1 sobre su futuro: \u00abEs ruido, un debate que no deber\u00eda estar abierto\u00bb"},"content":{"rendered":"<p style=\"text-align: center;\"><strong>El t\u00e9cnico, que regresa ma\u00f1ana a una Copa de la que tiene clavado un ingrato recuerdo en el d\u00eda de su debut en el Real Zaragoza la temporada pasada, dice estar muy tranquilo en su puesto pese a los malos resultados<\/strong><\/p>\n<p>Fran Escrib\u00e1 dice que respeta todas las opiniones, pero tambi\u00e9n que no se siente amenazado por la cosecha de malos resultados que se han sucedido en los \u00faltimos ocho encuentros de Liga, de los que s\u00f3lo se ha ganado al Andorra sin conseguir que el equipo cuaje un f\u00fatbol convincente, adem\u00e1s carente de madurez y oficio en el campo y desde la direcci\u00f3n t\u00e9cnica para conservar situaciones muy ventajosas en los tramos finales. Ni siquiera entiende el porqu\u00e9 se le se\u00f1ala desde diferentes y no pocos foros como responsable de la falta de personalidad de una plantilla en teor\u00eda mejor de lo que muestra. \u00abNo tengo ninguna preocupaci\u00f3n. Entiendo el ruido pero estoy muy tranquilo. Ni lo pienso. Es un debate que no deber\u00eda estar abierto\u00bb. La eliminatoria contra el el Atzeneta, club de Tercera RFEF (jueves, 20.00), se cruza en el camino de un conjunto aragon\u00e9s cuyo su entrenador no se siente en absoluto insatisfecho con el rendimiento de sus jugadores en Liga pese a que admita que hay muchas cosas que se deben mejorar, visi\u00f3n sin duda subjetiva y que distorsiona la realidad. El torneo, como casi siempre, le llega al Real Zaragoza a contrapi\u00e9 en las once campa\u00f1as consecutivas de traves\u00eda por Segunda, donde ha mezclado urgencias por salvarse con asuntos m\u00e1s ambiciosos. Aunque se comprenda el desapego por esta competici\u00f3n por la distancia competitiva que se ha tomado sobre todo con la \u00e9lite, duele ver a uno de los reyes del torneo sometido a lo que, se mire como se mire, es un martirio.<\/p>\n<p>El propio Escrib\u00e1 es consciente de que el recorrido no ser\u00e1 muy largo y que har\u00e1 cambios en este compromiso, aunque, como corresponde, se\u00f1ala que la meta es superar el mayor n\u00famero de obst\u00e1culos posible. Primero el Atzeneta UE, un rival en el que tiene viejos conocidos de su etapa en el filial del Valencia, entre ellos su entrenador, Bernab\u00e9 Ballester, y que hace inevitable que recupere el fantasma del Diocesano, un modesto equipo extreme\u00f1o que amarg\u00f3 el debut de Escrib\u00e1 hace casi un a\u00f1o en un partido espantoso de los aragoneses. \u00abLos jugadores saben la importancia que tiene al Copa y yo tengo clavada a\u00fan aquella espina. Hemos comentado lo que sucedi\u00f3 y los futbolistas quieren hacer un buen partido y pasar la eliminatoria. Defendemos un escudo, el de un club que ha ganado esa competici\u00f3n. Ahora sabemos que es imposible para nosotros, pero nuestra obligaci\u00f3n es llegar lo m\u00e1s lejos posible y hacer un buen encuentro\u00bb, explica. Otro batacazo como aquel, sin embargo, le dejar\u00eda camino del cadalso que no aprecia, con la visita el pr\u00f3ximo lunes del Oviedo como frontera de su continuidad en el banquillo si no gana. El ruido, entonces, ser\u00e1 ensordecedor y su relevo, algo natural.<\/p>\n<p>Lo que se espera es que este primer contacto con la Copa sea un b\u00e1lsamo deportivo y mental para un equipo que necesita llevarse al paladar un triunfo al margen del tama\u00f1o del adversario. Un partido al que regresar\u00e1 Poussin y en el que no estar\u00e1 Toni Moya, como ha informado el t\u00e9cnico, a la espera de que Francho entre o no en la citaci\u00f3n que se conocer\u00e1 en breve. \u00abPara m\u00ed, es una competici\u00f3n muy importante y por desgracia la temporada pasada hicimos el rid\u00edculo y me doli\u00f3 mucho. Ni por nuestro planteamiento ni actitud puede volver a pasar aquello. Es deporte y ya sabemos que hay margen para cualquier cosa. Sabiendo que la Copa es inalcanzable, vamos a tom\u00e1rnosla igual de seria que la Liga\u00bb. \u00abVa a a haber cambios porque es l\u00f3gico, pero sacaremos el mejor once\u00bb. Escrib\u00e1 subraya que la victoria tiene un valor a\u00f1adido en estas circunstancias. \u00abNos afecta todo lo que pasa, pero al grupo lo veo bien. Otra cosa es la nueva decepci\u00f3n del otro d\u00eda, pero est\u00e1 fuerte mentalmente. En esta competici\u00f3n s\u00f3lo vale ganar, por eso es muy importante que sigamos pasando eliminatorias. Si somos capaces de ganar y con buenas sensaciones, algo nos ayudar\u00e1. Como jugar\u00e1n algunos no habituales, les vendr\u00e1 bien a todos\u00bb.<\/p>\n<p>\u00abMuy contento\u00bb con la respuesta del Real Zaragoza en Burgos, el t\u00e9cnico apunta que en El Plant\u00edo \u00abno se pod\u00eda ganar desde el f\u00fatbol y logramos parar su juego. Que nos marquen en el minuto ochenta y tantos es circunstancial. El f\u00fatbol nos devolver\u00e1 esas situaciones a favor. Lo que queremos hacer es que esa buena respuesta fuera de casa se d\u00e9 tambi\u00e9n en La Romareda porque es donde estamos fallando, yo el primero. El equipo est\u00e1 siendo muy fiable en general. Hubo cosas en los cinco primeros triunfos que no me gustaron, y en los que hemos empatado o perdido lo hemos hecho muy bien. Lo que ocurre es que el resultado ha tapado lo bueno. No soy tan negativo como lo que detecto alrededor\u00bb. Alrededor orbita un Real Zaragoza capaz pero incapacitado, paradoja que si no resuelve el mismo Escrib\u00e1 har\u00e1 que el ruido le atropelle y se cierre el debate abierto.<\/p>\n","protected":false},"excerpt":{"rendered":"<p>El t\u00e9cnico, que regresa ma\u00f1ana a una Copa de la que tiene clavado un ingrato recuerdo en el d\u00eda de su debut en el Real Zaragoza la temporada pasada, dice estar muy tranquilo en su puesto pese a los malos resultados Fran Escrib\u00e1 dice que respeta todas las opiniones, pero <a class=\"read-more\" href=\"https:\/\/principesdeparis.es\/principes\/escriba-sobre-su-futuro-es-ruido-un-debate-que-no-deberia-estar-abierto\/\">Sigue leyendo<\/a><\/p>\n","protected":false},"author":2,"featured_media":13052,"comment_status":"open","ping_status":"open","sticky":false,"template":"","format":"standard","meta":{"footnotes":""},"categories":[13,1],"tags":[],"class_list":["post-13051","post","type-post","status-publish","format-standard","has-post-thumbnail","hentry","category-publicidad","category-real-zaragoza"],"_links":{"self":[{"href":"https:\/\/principesdeparis.es\/principes\/wp-json\/wp\/v2\/posts\/13051","targetHints":{"allow":["GET"]}}],"collection":[{"href":"https:\/\/principesdeparis.es\/principes\/wp-json\/wp\/v2\/posts"}],"about":[{"href":"https:\/\/principesdeparis.es\/principes\/wp-json\/wp\/v2\/types\/post"}],"author":[{"embeddable":true,"href":"https:\/\/principesdeparis.es\/principes\/wp-json\/wp\/v2\/users\/2"}],"replies":[{"embeddable":true,"href":"https:\/\/principesdeparis.es\/principes\/wp-json\/wp\/v2\/comments?post=13051"}],"version-history":[{"count":2,"href":"https:\/\/principesdeparis.es\/principes\/wp-json\/wp\/v2\/posts\/13051\/revisions"}],"predecessor-version":[{"id":13055,"href":"https:\/\/principesdeparis.es\/principes\/wp-json\/wp\/v2\/posts\/13051\/revisions\/13055"}],"wp:featuredmedia":[{"embeddable":true,"href":"https:\/\/principesdeparis.es\/principes\/wp-json\/wp\/v2\/media\/13052"}],"wp:attachment":[{"href":"https:\/\/principesdeparis.es\/principes\/wp-json\/wp\/v2\/media?parent=13051"}],"wp:term":[{"taxonomy":"category","embeddable":true,"href":"https:\/\/principesdeparis.es\/principes\/wp-json\/wp\/v2\/categories?post=13051"},{"taxonomy":"post_tag","embeddable":true,"href":"https:\/\/principesdeparis.es\/principes\/wp-json\/wp\/v2\/tags?post=13051"}],"curies":[{"name":"wp","href":"https:\/\/api.w.org\/{rel}","templated":true}]}}