{"id":13056,"date":"2023-11-02T11:08:57","date_gmt":"2023-11-02T11:08:57","guid":{"rendered":"https:\/\/principesdeparis.es\/principes\/?p=13056"},"modified":"2023-11-02T11:08:57","modified_gmt":"2023-11-02T11:08:57","slug":"una-carrera-de-obstaculos-que-parece-no-tener-fin","status":"publish","type":"post","link":"https:\/\/principesdeparis.es\/principes\/una-carrera-de-obstaculos-que-parece-no-tener-fin\/","title":{"rendered":"Una carrera de obst\u00e1culos que parece no tener fin"},"content":{"rendered":"<p>Mi primer partido de Copa del Rey como profesional fue el que disput\u00f3 el Real Zaragoza contra el Gimn\u00e1stico de Tarragona en noviembre de 1976. Acud\u00ed solamente a tomar notas en una noche fr\u00eda, adem\u00e1s de las t\u00edpicas entrevistas post partido, y donde los problemas se encontraban en la Liga al no entenderse Arr\u00faa y Jordao. Hab\u00eda sido traspasado por sesenta millones de pesetas Lobo Diarte al Valencia en una pol\u00e9mica operaci\u00f3n y Lucien M\u00fcller, el entrenador, fue solamente una sombra en el vestuario. Aun as\u00ed se lleg\u00f3 a cuartos de final de esta competici\u00f3n siendo apeados por la extinta UD Salamanca. Un a\u00f1o antes recuerdo que llor\u00e9 de rabia y arroj\u00e9 al suelo el magnetof\u00f3n de cassette donde estaba practicando una retransmisi\u00f3n frente al televisor de mi casa tras la derrota por 1-0 en el Santiago Bernab\u00e9u ante el Atl\u00e9tico de Madrid. Odi\u00e9 a G\u00e1rate por marcar de cabeza el tanto del triunfo rojiblanco y mucho m\u00e1s a Segrelles del Pilar por el arbitraje realizado. Fue la postrera Copa del \u00abGeneral\u00edsimo\u00bb y la primera entregada por Juan Carlos de Borb\u00f3n una vez fallecido Francisco Franco. Lamentablemente no he podido estar presente en ninguna entrega con Felipe VI como anfitri\u00f3n ya que la \u00faltima final disputada por el Real Zaragoza fue, tambi\u00e9n en el Bernab\u00e9u, con el RCD Espa\u00f1ol de ingrato recuerdo.<\/p>\n<p>Esta noche no acudir\u00e9 a Onteniente a presenciar el partido y lo ver\u00e9 tranquilamente en casa. No subir\u00e9 la cr\u00f3nica a YouTube ni tampoco me reunir\u00e9 con mis amigos, compa\u00f1eros y seguidores de Minuto 32 porque es jueves. Intentar\u00e9 no aburrirme y que el Real Zaragoza gane la eliminatoria para evitar la tensi\u00f3n, los nervios y la posible explosi\u00f3n de un sector del zaragocismo, que pueda desembocar en un ambiente crispado el lunes en la Romareda. Desconozco los planes de Sanlleh\u00ed tras las conversaciones mantenidas con Juan Carlos Cordero y las \u00f3rdenes que le lleguen desde la propiedad pero prefiero, sinceramente, que se pase esta ronda de Copa y se vuelva a ganar despu\u00e9s otra vez en la Romareda. Con la victoria sujeta en la mano el ritmo cardiaco es el apropiado para seguir esta carrera de obst\u00e1culos que parece no tener fin.<\/p>\n","protected":false},"excerpt":{"rendered":"<p>Mi primer partido de Copa del Rey como profesional fue el que disput\u00f3 el Real Zaragoza contra el Gimn\u00e1stico de Tarragona en noviembre de 1976. Acud\u00ed solamente a tomar notas en una noche fr\u00eda, adem\u00e1s de las t\u00edpicas entrevistas post partido, y donde los problemas se encontraban en la Liga <a class=\"read-more\" href=\"https:\/\/principesdeparis.es\/principes\/una-carrera-de-obstaculos-que-parece-no-tener-fin\/\">Sigue leyendo<\/a><\/p>\n","protected":false},"author":3,"featured_media":12548,"comment_status":"open","ping_status":"open","sticky":false,"template":"","format":"standard","meta":{"footnotes":""},"categories":[16,13],"tags":[],"class_list":["post-13056","post","type-post","status-publish","format-standard","has-post-thumbnail","hentry","category-el10","category-publicidad"],"_links":{"self":[{"href":"https:\/\/principesdeparis.es\/principes\/wp-json\/wp\/v2\/posts\/13056","targetHints":{"allow":["GET"]}}],"collection":[{"href":"https:\/\/principesdeparis.es\/principes\/wp-json\/wp\/v2\/posts"}],"about":[{"href":"https:\/\/principesdeparis.es\/principes\/wp-json\/wp\/v2\/types\/post"}],"author":[{"embeddable":true,"href":"https:\/\/principesdeparis.es\/principes\/wp-json\/wp\/v2\/users\/3"}],"replies":[{"embeddable":true,"href":"https:\/\/principesdeparis.es\/principes\/wp-json\/wp\/v2\/comments?post=13056"}],"version-history":[{"count":1,"href":"https:\/\/principesdeparis.es\/principes\/wp-json\/wp\/v2\/posts\/13056\/revisions"}],"predecessor-version":[{"id":13057,"href":"https:\/\/principesdeparis.es\/principes\/wp-json\/wp\/v2\/posts\/13056\/revisions\/13057"}],"wp:featuredmedia":[{"embeddable":true,"href":"https:\/\/principesdeparis.es\/principes\/wp-json\/wp\/v2\/media\/12548"}],"wp:attachment":[{"href":"https:\/\/principesdeparis.es\/principes\/wp-json\/wp\/v2\/media?parent=13056"}],"wp:term":[{"taxonomy":"category","embeddable":true,"href":"https:\/\/principesdeparis.es\/principes\/wp-json\/wp\/v2\/categories?post=13056"},{"taxonomy":"post_tag","embeddable":true,"href":"https:\/\/principesdeparis.es\/principes\/wp-json\/wp\/v2\/tags?post=13056"}],"curies":[{"name":"wp","href":"https:\/\/api.w.org\/{rel}","templated":true}]}}