{"id":13061,"date":"2023-11-04T10:14:42","date_gmt":"2023-11-04T10:14:42","guid":{"rendered":"https:\/\/principesdeparis.es\/principes\/?p=13061"},"modified":"2023-11-04T10:14:42","modified_gmt":"2023-11-04T10:14:42","slug":"escriba-no-descarta-a-francho-de-titular","status":"publish","type":"post","link":"https:\/\/principesdeparis.es\/principes\/escriba-no-descarta-a-francho-de-titular\/","title":{"rendered":"Escrib\u00e1 no descarta a Francho de titular"},"content":{"rendered":"<p><strong>Aunque lo m\u00e1s probable es que opte por incluirle en la citaci\u00f3n y ofrecerle minutos durante el encuentro para no forzar en su regreso, Fran Escrib\u00e1 ha dejado entrever que ser\u00eda posible, por las caracter\u00edsticas del futbolista, que apareciera en el once contra al Oviedo pese a haber estado ocho partidos lejos de la competici\u00f3n por la lesi\u00f3n que sufri\u00f3 en Cartagena.<\/strong><\/p>\n<p><strong>Francho:<\/strong> \u00abSus sensaciones son buenas. La molestias se reduce a una tirantez. Tiene una ventaja ya que por su forma de jugar y ser puede estar de inicio. Su lesi\u00f3n ha trastocado m\u00e1s de lo que parece por lo que progresa y percute con el bal\u00f3n\u00bb.<\/p>\n<p><strong>Moya y Mesa:<\/strong> \u00abNos quedan dos sesiones y creo que pueden llegar. M\u00e1s Mesa que Moya, aunque depende de sus sensaciones porque no hay lesi\u00f3n sino molestia en el caso de Maikel\u00bb.<\/p>\n<p><strong>Aplazamiento de Copa:<\/strong> \u00abNos trastoca todo porque el jueves no se entren\u00f3. Es una faena porque era el momento de que la gente que no tiene minutos los tuviera y la posibilidad de ganar y el plus moral que nos podr\u00eda haber dado\u00bb.<\/p>\n<p><strong>Presi\u00f3n en La Romareda:<\/strong> \u00abLo debemos tomar de dos formas, sabiendo que el apoyo lo tenemos y abstraernos de se ambiente que puede ponernos nerviosos porque \u00faltimamente hemos fallado nuestra gente. El objetivo es seguir vaci\u00e1ndonos para romper esa mala racha. Hay que revertir esto y acabar con esta fase juntos y alejados del ruido porque no estemos bien\u00bb.<\/p>\n<p><strong>Minutos fatales:<\/strong> \u00abPiensas mil cosas. No es un asunto f\u00edsico porque lo tenemos analizado. Algo a nivel mental hay, por supuesto. Piensas que puede ocurrirte y debemos limpiar la cabeza de esas circunstancias. No es un tema de atenci\u00f3n ni de concentraci\u00f3n pero nos ha afectado. Hay que ser fuertes y saber que hasta el \u00faltimo momento puede ocurrir de todo. Y m\u00e1s hoy en d\u00eda con los minutos que se a\u00f1aden\u00bb.<\/p>\n<p><strong>El Oviedo:<\/strong> \u00abHa mejorado mucho siendo menos directo que antes, de manera m\u00e1s asociativa. Hay que quitarle el bal\u00f3n. No queremos estar a la expectativa sino ser un equipo que ataque y no comportarnos en funci\u00f3n de lo que el rival nos proponga\u00bb.<\/p>\n<p><strong>Partido clave:<\/strong> \u00abEs as\u00ed con independencia de que queden muchos puntos porque venimos de una mala recha. Tenemos menos puntos de los que merecemos. Perfectamente podr\u00edamos tener 4 o 5 puntos m\u00e1s pero no es as\u00ed. S\u00ed que es un encuentro importante. Nos desenvolvemos mejor contra equipos buenos como es el caso del Oviedo\u00bb.<\/p>\n<p><strong>Ataque y Mollejo:<\/strong> \u00abSolemos jugar con tres delanteros incluso con dos extremos y un solo punta. Manejamos las dos opciones de ataque, con uno o dos arriba. Miro mucho los momentos de los jugadores y Mollejo est\u00e1 en ese momento. Mete mucha energ\u00eda porque activa a sus compa\u00f1eros y a la grada. Cuando un futbolista aprovecha su oportunidad merece seguir. Quiero ser justo.\u00bb<\/p>\n<p><strong>Resumen de un a\u00f1o en el Real Zaragoza:<\/strong> \u00abMi balance personal es buen\u00edsimo. Hablo como profesional y personal. A nivel deportivo me gustar\u00eda que fuera mejor. La gran afici\u00f3n que tenemos detr\u00e1s es muy importante y se lo merece\u00bb.<\/p>\n<p><em>Foto Real Zaragoza<\/em><\/p>\n","protected":false},"excerpt":{"rendered":"<p>Aunque lo m\u00e1s probable es que opte por incluirle en la citaci\u00f3n y ofrecerle minutos durante el encuentro para no forzar en su regreso, Fran Escrib\u00e1 ha dejado entrever que ser\u00eda posible, por las caracter\u00edsticas del futbolista, que apareciera en el once contra al Oviedo pese a haber estado ocho <a class=\"read-more\" href=\"https:\/\/principesdeparis.es\/principes\/escriba-no-descarta-a-francho-de-titular\/\">Sigue leyendo<\/a><\/p>\n","protected":false},"author":2,"featured_media":13062,"comment_status":"open","ping_status":"open","sticky":false,"template":"","format":"standard","meta":{"footnotes":""},"categories":[13,1],"tags":[],"class_list":["post-13061","post","type-post","status-publish","format-standard","has-post-thumbnail","hentry","category-publicidad","category-real-zaragoza"],"_links":{"self":[{"href":"https:\/\/principesdeparis.es\/principes\/wp-json\/wp\/v2\/posts\/13061","targetHints":{"allow":["GET"]}}],"collection":[{"href":"https:\/\/principesdeparis.es\/principes\/wp-json\/wp\/v2\/posts"}],"about":[{"href":"https:\/\/principesdeparis.es\/principes\/wp-json\/wp\/v2\/types\/post"}],"author":[{"embeddable":true,"href":"https:\/\/principesdeparis.es\/principes\/wp-json\/wp\/v2\/users\/2"}],"replies":[{"embeddable":true,"href":"https:\/\/principesdeparis.es\/principes\/wp-json\/wp\/v2\/comments?post=13061"}],"version-history":[{"count":1,"href":"https:\/\/principesdeparis.es\/principes\/wp-json\/wp\/v2\/posts\/13061\/revisions"}],"predecessor-version":[{"id":13063,"href":"https:\/\/principesdeparis.es\/principes\/wp-json\/wp\/v2\/posts\/13061\/revisions\/13063"}],"wp:featuredmedia":[{"embeddable":true,"href":"https:\/\/principesdeparis.es\/principes\/wp-json\/wp\/v2\/media\/13062"}],"wp:attachment":[{"href":"https:\/\/principesdeparis.es\/principes\/wp-json\/wp\/v2\/media?parent=13061"}],"wp:term":[{"taxonomy":"category","embeddable":true,"href":"https:\/\/principesdeparis.es\/principes\/wp-json\/wp\/v2\/categories?post=13061"},{"taxonomy":"post_tag","embeddable":true,"href":"https:\/\/principesdeparis.es\/principes\/wp-json\/wp\/v2\/tags?post=13061"}],"curies":[{"name":"wp","href":"https:\/\/api.w.org\/{rel}","templated":true}]}}