{"id":13121,"date":"2023-11-08T19:46:03","date_gmt":"2023-11-08T19:46:03","guid":{"rendered":"https:\/\/principesdeparis.es\/principes\/?p=13121"},"modified":"2023-11-08T19:46:03","modified_gmt":"2023-11-08T19:46:03","slug":"un-partido-para-mollejo-por-su-celebracion-en-cartagena","status":"publish","type":"post","link":"https:\/\/principesdeparis.es\/principes\/un-partido-para-mollejo-por-su-celebracion-en-cartagena\/","title":{"rendered":"Un partido para Mollejo por su celebracion en Cartagena"},"content":{"rendered":"<p><strong>\u00a0El Comit\u00e9 de Competici\u00f3n, <\/strong>dos meses despu\u00e9s de que se produjera la denuncia por parte de LaLiga, ha sancionado con un partido\u00a0 a <strong>V\u00edctor Mollejo<\/strong>\u00a0por haber celebrado el tercer gol de la victoria del Real Zaragoza sobre el Cartagena agarr\u00e1ndose los test\u00edculos.\u00a0 El organismo presidido por\u00a0<strong>Javier Tebas<\/strong> llev\u00f3 al futbolista del conjunto aragon\u00e9s, cedido esta temporada por el Atl\u00e9tico de Madrid, ante el Comit\u00e9 de Competici\u00f3n de la Federaci\u00f3n Espa\u00f1ola (RFEF), pero la decisi\u00f3n final se ha demorado desde el pasado 10 de septiembre. El futbolista, que entr\u00f3 en el choque en el minuto 65, sali\u00f3 al final del encuentro para pedir disculpas. \u00abEn primer lugar pedir disculpas por todas personas que se hayan sentido ofendidas por esa celebraci\u00f3n. Es un gesto que no se corresponde con la educaci\u00f3n que yo tengo. Ahora, en fr\u00edo, me arrepiento y ojal\u00e1 pudiera cambiarlo, pero no era nada significativo ni me dirig\u00eda absolutamente a nadie\u00bb, dijo el futbolista.\u00a0 El club ya anunciado que recurrir\u00e1 esa sanci\u00f3n ante Apelaci\u00f3n, que de momento impedir\u00e1 jugar a Mollejo frente al Huesca. El mediapunta no estar\u00e1 este s\u00e1bado en Elche por acumulaci\u00f3n de amonestaciones.<\/p>\n<blockquote class=\"twitter-tweet\">\n<p lang=\"es\" dir=\"ltr\">El Real Zaragoza presentar\u00e1 recurso al Comit\u00e9 de Apelaci\u00f3n por la sanci\u00f3n de un partido impuesta a nuestro jugador V\u00edctor Mollejo tras el partido de la jornada 5 en Cartagena <a href=\"https:\/\/t.co\/68XXIUZwhU\">pic.twitter.com\/68XXIUZwhU<\/a><\/p>\n<p>&mdash; Real Zaragoza &#x1f981; (@RealZaragoza) <a href=\"https:\/\/twitter.com\/RealZaragoza\/status\/1722316718217834737?ref_src=twsrc%5Etfw\">November 8, 2023<\/a><\/p><\/blockquote>\n<p> <script async src=\"https:\/\/platform.twitter.com\/widgets.js\" charset=\"utf-8\"><\/script><\/p>\n","protected":false},"excerpt":{"rendered":"<p>\u00a0El Comit\u00e9 de Competici\u00f3n, dos meses despu\u00e9s de que se produjera la denuncia por parte de LaLiga, ha sancionado con un partido\u00a0 a V\u00edctor Mollejo\u00a0por haber celebrado el tercer gol de la victoria del Real Zaragoza sobre el Cartagena agarr\u00e1ndose los test\u00edculos.\u00a0 El organismo presidido por\u00a0Javier Tebas llev\u00f3 al futbolista <a class=\"read-more\" href=\"https:\/\/principesdeparis.es\/principes\/un-partido-para-mollejo-por-su-celebracion-en-cartagena\/\">Sigue leyendo<\/a><\/p>\n","protected":false},"author":2,"featured_media":13122,"comment_status":"open","ping_status":"open","sticky":false,"template":"","format":"standard","meta":{"footnotes":""},"categories":[13,1],"tags":[],"class_list":["post-13121","post","type-post","status-publish","format-standard","has-post-thumbnail","hentry","category-publicidad","category-real-zaragoza"],"_links":{"self":[{"href":"https:\/\/principesdeparis.es\/principes\/wp-json\/wp\/v2\/posts\/13121","targetHints":{"allow":["GET"]}}],"collection":[{"href":"https:\/\/principesdeparis.es\/principes\/wp-json\/wp\/v2\/posts"}],"about":[{"href":"https:\/\/principesdeparis.es\/principes\/wp-json\/wp\/v2\/types\/post"}],"author":[{"embeddable":true,"href":"https:\/\/principesdeparis.es\/principes\/wp-json\/wp\/v2\/users\/2"}],"replies":[{"embeddable":true,"href":"https:\/\/principesdeparis.es\/principes\/wp-json\/wp\/v2\/comments?post=13121"}],"version-history":[{"count":1,"href":"https:\/\/principesdeparis.es\/principes\/wp-json\/wp\/v2\/posts\/13121\/revisions"}],"predecessor-version":[{"id":13123,"href":"https:\/\/principesdeparis.es\/principes\/wp-json\/wp\/v2\/posts\/13121\/revisions\/13123"}],"wp:featuredmedia":[{"embeddable":true,"href":"https:\/\/principesdeparis.es\/principes\/wp-json\/wp\/v2\/media\/13122"}],"wp:attachment":[{"href":"https:\/\/principesdeparis.es\/principes\/wp-json\/wp\/v2\/media?parent=13121"}],"wp:term":[{"taxonomy":"category","embeddable":true,"href":"https:\/\/principesdeparis.es\/principes\/wp-json\/wp\/v2\/categories?post=13121"},{"taxonomy":"post_tag","embeddable":true,"href":"https:\/\/principesdeparis.es\/principes\/wp-json\/wp\/v2\/tags?post=13121"}],"curies":[{"name":"wp","href":"https:\/\/api.w.org\/{rel}","templated":true}]}}