{"id":13131,"date":"2023-11-10T09:28:38","date_gmt":"2023-11-10T09:28:38","guid":{"rendered":"https:\/\/principesdeparis.es\/principes\/?p=13131"},"modified":"2023-11-10T09:28:38","modified_gmt":"2023-11-10T09:28:38","slug":"escriba-el-partido-de-elche-no-es-clave","status":"publish","type":"post","link":"https:\/\/principesdeparis.es\/principes\/escriba-el-partido-de-elche-no-es-clave\/","title":{"rendered":"Escrib\u00e1: \u00abEl partido de Elche no es clave\u00bb"},"content":{"rendered":"<p><strong>Mollejo:<\/strong> \u00abYa dije que su gesto no era insultante para nadie ni motivo de sanci\u00f3n. El club ha recurrido y hasta entonces debemos esperar\u00bb<\/p>\n<p><strong>Bakis:<\/strong> \u00abEstar\u00e1 unas cuantas semanas de baja. \u00c9l est\u00e1 fastidiado aunque m\u00e1s animado estos d\u00edas. Hab\u00eda cogido ese ritmo de principio de temporada y esperemos que vuelva a retomarlo cuando regrese\u00bb.<\/p>\n<p><strong>No es un partido clave:<\/strong> \u00abLo veo importante como todos. No lo considero como un partido clave. Si ganamos estaremos arriba y sino, no. Tengo absoluta confianza de que estaremos en la parte de arriba aun con tropiezos. No tengo esa lectura del partido\u00bb<\/p>\n<p><strong>El camino:<\/strong> \u00abAnte el Oviedo nos cost\u00f3 la primera media hora la salida de bal\u00f3n. La diferencia entre catalogar el partido de bueno o muy bueno fue el marcador. Hicimos 19 disparos y tuvimos ocasiones para ganar. Ellos me dijeron que ning\u00fan equipo les hab\u00eda sometido como nosotros. Nos est\u00e1 costando m\u00e1s porque los equipos nos conocen m\u00e1s. No quisiera abusar del juego directo. Ma\u00f1ana es un encuentro completamente distinto . El Elche es un encuentro diferente porque tiene un ritmo muy fuerte sobre todo en su casa. Se parecer\u00e1 poco a los anteriores\u00bb.<\/p>\n<p><strong>Sensaciones sobre el juego:<\/strong> \u00abEs evidente que el equipo ha sumado poco, menos de lo que merecer\u00edamos. A nivel de juego me qued\u00e9 descontento el d\u00eda del Eibar, me dej\u00f3 fr\u00edo porque no fuimos nosotros. Si aislamos el resultado, que es imposible, hemos hecho partidos buenos con buenas primeras partes\u00a0 y no tan buena segundas partes. Eso es el pasado. Ma\u00f1ana nos exigir\u00e1 jugar bien pero sobre todo competir bien, a un ritmo muy alto. Hemos hecho buenas cosas por el camino aunque no se reflejan en los puntos que es lo que al final queda\u00bb.<\/p>\n<p><strong>Pasado en el Elche:<\/strong> \u00abLe ha costado entrar y en parte es l\u00f3gico. Pero su objetivo por presupuesto y por plantilla est\u00e1 llamado a estar arriba. Estaba convencido de que despu\u00e9s de esas primeras malas semanas que iba a sumar mucho y le veo entre los seis mejores. Sin duda es un partido especial para m\u00ed porque estuve all\u00ed en dos \u00e9pocas distintas. Fueron mis mejores a\u00f1os profesionales y tengo grandes amigos. S\u00e9 que es encuentro bonito aunque en la cabeza s\u00f3lo tengo nuestra victoria\u00bb.<\/p>\n<p><strong>Francho:<\/strong> \u00abSeguramente no est\u00e1 en su mejor momento pero lo veo muy bien. El otro d\u00eda le meti\u00f3 ritmo al equipo. Est\u00e1 para competir y perfecto. Otra cosa es que aguante los 90 minutos si sale de principio\u00bb<\/p>\n<p><strong>Equipo tipo:<\/strong> \u00abCuando empiezas, uno pone el once a quien cree mejor en ese momento, pero luego la temporada te dice los momentos de forma de los futbolistas. Podemos poner el ejemplo de Grau, que ahora es muy importante por su estado y no empez\u00f3 de titular. Estoy abierto a que un once var\u00ede en funci\u00f3n de lo que busques en cada partido y de los momentos de forma de los jugadores.\u00a0 Con el\u00a0 cambio de sistema intentas adaptarte a lo que crees mejor para el equipo. Ahora estamos bien . Este equipo hasta en el peor de los d\u00edas se lo deja todo\u00bb.<\/p>\n<p>\u00bb<\/p>\n<p>&nbsp;<\/p>\n","protected":false},"excerpt":{"rendered":"<p>Mollejo: \u00abYa dije que su gesto no era insultante para nadie ni motivo de sanci\u00f3n. El club ha recurrido y hasta entonces debemos esperar\u00bb Bakis: \u00abEstar\u00e1 unas cuantas semanas de baja. \u00c9l est\u00e1 fastidiado aunque m\u00e1s animado estos d\u00edas. Hab\u00eda cogido ese ritmo de principio de temporada y esperemos que <a class=\"read-more\" href=\"https:\/\/principesdeparis.es\/principes\/escriba-el-partido-de-elche-no-es-clave\/\">Sigue leyendo<\/a><\/p>\n","protected":false},"author":2,"featured_media":13134,"comment_status":"open","ping_status":"open","sticky":false,"template":"","format":"standard","meta":{"footnotes":""},"categories":[13,1],"tags":[],"class_list":["post-13131","post","type-post","status-publish","format-standard","has-post-thumbnail","hentry","category-publicidad","category-real-zaragoza"],"_links":{"self":[{"href":"https:\/\/principesdeparis.es\/principes\/wp-json\/wp\/v2\/posts\/13131","targetHints":{"allow":["GET"]}}],"collection":[{"href":"https:\/\/principesdeparis.es\/principes\/wp-json\/wp\/v2\/posts"}],"about":[{"href":"https:\/\/principesdeparis.es\/principes\/wp-json\/wp\/v2\/types\/post"}],"author":[{"embeddable":true,"href":"https:\/\/principesdeparis.es\/principes\/wp-json\/wp\/v2\/users\/2"}],"replies":[{"embeddable":true,"href":"https:\/\/principesdeparis.es\/principes\/wp-json\/wp\/v2\/comments?post=13131"}],"version-history":[{"count":4,"href":"https:\/\/principesdeparis.es\/principes\/wp-json\/wp\/v2\/posts\/13131\/revisions"}],"predecessor-version":[{"id":13136,"href":"https:\/\/principesdeparis.es\/principes\/wp-json\/wp\/v2\/posts\/13131\/revisions\/13136"}],"wp:featuredmedia":[{"embeddable":true,"href":"https:\/\/principesdeparis.es\/principes\/wp-json\/wp\/v2\/media\/13134"}],"wp:attachment":[{"href":"https:\/\/principesdeparis.es\/principes\/wp-json\/wp\/v2\/media?parent=13131"}],"wp:term":[{"taxonomy":"category","embeddable":true,"href":"https:\/\/principesdeparis.es\/principes\/wp-json\/wp\/v2\/categories?post=13131"},{"taxonomy":"post_tag","embeddable":true,"href":"https:\/\/principesdeparis.es\/principes\/wp-json\/wp\/v2\/tags?post=13131"}],"curies":[{"name":"wp","href":"https:\/\/api.w.org\/{rel}","templated":true}]}}