{"id":13240,"date":"2023-11-17T09:31:57","date_gmt":"2023-11-17T09:31:57","guid":{"rendered":"https:\/\/principesdeparis.es\/principes\/?p=13240"},"modified":"2023-11-17T09:31:57","modified_gmt":"2023-11-17T09:31:57","slug":"escriba-no-temo-por-mi-futuro-para-nada","status":"publish","type":"post","link":"https:\/\/principesdeparis.es\/principes\/escriba-no-temo-por-mi-futuro-para-nada\/","title":{"rendered":"Escrib\u00e1: \u00abNo temo por mi futuro, para nada\u00bb"},"content":{"rendered":"<p><strong>C\u00f3mo est\u00e1 el equipo:<\/strong> \u00abFastidiados porque fallamos tanto en Liga como en Copa. Un vez pasa eso, no queda otra que pensar en lo que viene. Pasamos p\u00e1gina\u00bb.<\/p>\n<p><strong>Charla con Cordero y Sanlleh\u00ed:<\/strong> \u00abHe hablado con ellos pero lo hago todas las semanas. No temo por mi futuro\u00bb.<\/p>\n<p><strong>Tranquilidad:<\/strong> \u00abVa a ser la pregunta que vais a hacer todos. Me repito. S\u00e9 la confianza que el club tiene conmigo y piensa que esta plantilla y este cuerpo t\u00e9cnico es el mismo que revirti\u00f3 lo de la temporada pasada, hizo muy buena pretemporada, un buen arranque y ahora no logra resultados. Un an\u00e1lisis profundo lleva a ver que se han dado situaciones an\u00f3malas. Ellos piensan como nosotros, exactamente igual\u00bb.<\/p>\n<p><strong>Situaci\u00f3n complicada:<\/strong> \u00abNo es la semana m\u00e1s complicada. Cunado tom\u00e9 el Elche en la segunda etapa era un proyecto insalvable, aquello era mucho mas duro, y lo sacamos. Aqu\u00ed esto absolutamente convencido de que lo vamos a sacar adelante. Es l\u00f3gico que la gente tenga dudas, pero al principio nadie vio en m\u00ed euforia alguna como ahora tampoco comparto la desilusi\u00f3n. Tenemos esa tristeza pero la plantilla y y el cuerpo t\u00e9cnico tenemos la misma confianza mutua de que esto lo sacaremos. Nuestra obligaci\u00f3n es que conf\u00eden\u00bb.<\/p>\n<p><strong>El tiempo se consume:<\/strong> \u00abNo. Pienso s\u00f3lo en el partido de ma\u00f1ana y en ganarlo. No estamos ganado tiempo. Los datos son lo que son, pero si lo miras ves la cantidad de veces que algunos partidos se nos ha escapado por errores individuales. Digo lo de la confianza porque creo en ello. El equipo debe liberarse de estas semanas tan feas\u00bb.<\/p>\n<p><strong>Todo al rev\u00e9s:<\/strong> \u00abHemos cometido errores graves. Fueron, pasaron y ya est\u00e1. La suma de lo que somos viene de la suma de nuestros errores. Para ganar por el camino tienes que perder. Por ahora, por una u otra circunstancias, nos hemos quedado en esa l\u00ednea de la victoria. He hablado del caso del Celta, al que todo lo est\u00e1 pasando al rev\u00e9s. Somos un caso similar. Un error grave, algo que os han pitado que no se correspond\u00eda y nuestros fallos propios. No sabes por qu\u00e9 ocurre todo eso, pero trabajando de repente ganaremos y todo cambiar\u00e1\u00bb.<\/p>\n<p><strong>El ambiente:<\/strong> \u00abNo me preocupa porque respeto a la afici\u00f3n. Ellos no han fallado; nosotros, s\u00ed. Se han comportado de forma espectacular y les debemos bastante. Me gustar\u00eda que ma\u00f1ana contra un rival tan especial estemos unidos porque es un d\u00eda para eso desde el minuto 1. Aunque entiendo que al inicio habr\u00e1 alguien que muestre su descontento. Yo no pitar\u00eda nunca a mi equipo. Los jugadores est\u00e1n convencidos de salir de esto para dar una alegr\u00eda a la gente y recuperar todo su cari\u00f1o\u00bb.<\/p>\n<p><strong>Peligra su puesto:<\/strong> \u00abCuando llegue ese momento, contestar\u00e9, pero no creo que llegue porque estoy convencido de que vamos a salir. No vine por un contrato sino por ilusi\u00f3n. He encontrado un sitio donde disfruto pese a que ahora estoy fastidiado. Es parte de ese aprendizaje de vida\u00bb.<\/p>\n<p><strong>Poussin:<\/strong> \u00abQuiero pensar que el jugador que ha fallado se ve capacitado por darle la vuelta a todo. Eso pasa por la mejora de Poussin porque su rendimiento hasta ahora ha sido negativo\u00bb.<\/p>\n<p><strong>Huesca:<\/strong> \u00abHa cambiado con el nuevo m\u00edster. Le generan pocas ocasiones pero tambi\u00e9n marca poco. Es un equipo muy firme defensivamente, muy armado. Le generan poco y genera poco. Tiene mucho peligro a bal\u00f3n parado Debemos evitar esas situaciones y ser un equipo presionante que demuestre que va a por el partido desde el principio\u00bb.<\/p>\n<p><strong>Se marc\u00f3 el ascenso:<\/strong> \u00abLos que estamos toda la vida compitiendo pensamos en ganarlo todo aunque sea una utop\u00eda. Por eso no firmas ser segundo&#8230; Ser\u00eda de mediocres aceptar una posici\u00f3n que se puede mejorar. Al final la competici\u00f3n te pone en su sitio. El proyecto es estar lo m\u00e1s arriba posible. Nadie renuncia de entrada a ganarlo todo. Una cosa es la ambici\u00f3n personal y otra la realidad de que es dif\u00edcil quedar arriba del todo aunque pelearemos por ello\u00bb.<\/p>\n","protected":false},"excerpt":{"rendered":"<p>C\u00f3mo est\u00e1 el equipo: \u00abFastidiados porque fallamos tanto en Liga como en Copa. Un vez pasa eso, no queda otra que pensar en lo que viene. Pasamos p\u00e1gina\u00bb. Charla con Cordero y Sanlleh\u00ed: \u00abHe hablado con ellos pero lo hago todas las semanas. No temo por mi futuro\u00bb. Tranquilidad: \u00abVa <a class=\"read-more\" href=\"https:\/\/principesdeparis.es\/principes\/escriba-no-temo-por-mi-futuro-para-nada\/\">Sigue leyendo<\/a><\/p>\n","protected":false},"author":2,"featured_media":13241,"comment_status":"open","ping_status":"open","sticky":false,"template":"","format":"standard","meta":{"footnotes":""},"categories":[13,1],"tags":[],"class_list":["post-13240","post","type-post","status-publish","format-standard","has-post-thumbnail","hentry","category-publicidad","category-real-zaragoza"],"_links":{"self":[{"href":"https:\/\/principesdeparis.es\/principes\/wp-json\/wp\/v2\/posts\/13240","targetHints":{"allow":["GET"]}}],"collection":[{"href":"https:\/\/principesdeparis.es\/principes\/wp-json\/wp\/v2\/posts"}],"about":[{"href":"https:\/\/principesdeparis.es\/principes\/wp-json\/wp\/v2\/types\/post"}],"author":[{"embeddable":true,"href":"https:\/\/principesdeparis.es\/principes\/wp-json\/wp\/v2\/users\/2"}],"replies":[{"embeddable":true,"href":"https:\/\/principesdeparis.es\/principes\/wp-json\/wp\/v2\/comments?post=13240"}],"version-history":[{"count":1,"href":"https:\/\/principesdeparis.es\/principes\/wp-json\/wp\/v2\/posts\/13240\/revisions"}],"predecessor-version":[{"id":13242,"href":"https:\/\/principesdeparis.es\/principes\/wp-json\/wp\/v2\/posts\/13240\/revisions\/13242"}],"wp:featuredmedia":[{"embeddable":true,"href":"https:\/\/principesdeparis.es\/principes\/wp-json\/wp\/v2\/media\/13241"}],"wp:attachment":[{"href":"https:\/\/principesdeparis.es\/principes\/wp-json\/wp\/v2\/media?parent=13240"}],"wp:term":[{"taxonomy":"category","embeddable":true,"href":"https:\/\/principesdeparis.es\/principes\/wp-json\/wp\/v2\/categories?post=13240"},{"taxonomy":"post_tag","embeddable":true,"href":"https:\/\/principesdeparis.es\/principes\/wp-json\/wp\/v2\/tags?post=13240"}],"curies":[{"name":"wp","href":"https:\/\/api.w.org\/{rel}","templated":true}]}}