{"id":13244,"date":"2023-11-17T20:55:01","date_gmt":"2023-11-17T20:55:01","guid":{"rendered":"https:\/\/principesdeparis.es\/principes\/?p=13244"},"modified":"2023-11-18T13:10:04","modified_gmt":"2023-11-18T13:10:04","slug":"ultimatum-para-todos","status":"publish","type":"post","link":"https:\/\/principesdeparis.es\/principes\/ultimatum-para-todos\/","title":{"rendered":"Ultim\u00e1tum para todos"},"content":{"rendered":"<p style=\"text-align: center;\"><strong>Con el Huesca en el papel de verdugo, Escrib\u00e1 se juega el puesto, Sanlleh\u00ed y Cordero el proyecto y los futbolistas la \u00faltima oportunidad de demostrar que la crisis no tiene que ver con una plantilla sobrevalorada<\/strong><\/p>\n<p>Fran Escrib\u00e1 fue incapaz de transmitir a su equipo la suficiente motivaci\u00f3n como para llevarse la eliminatoria contra un Tercera RFEF, el Atzeneta. La Copa suele reservarse sorpresas de este calado, pero el Real Zaragoza, en ca\u00edda libre en la Liga, no pod\u00eda permit\u00edrsela bajo ning\u00fan concepto. Y lo hizo mucho antes de que Poussin guillotinara por completo el poco cr\u00e9dito que le quedaba, al saltar al campo sin tensi\u00f3n alguna, con una aton\u00eda competitiva intolerable fruto de unos jugadores sin alma y de un t\u00e9cnico sin esp\u00edritu. La suma de esas laxitudes descubrieron a un entrenador que una situaci\u00f3n l\u00edmite se dej\u00f3 el car\u00e1cter en el congelador. Esa derrota tendr\u00eda que haber significado su fin en el banquillo, pero Juan Carlos Cordero y Ra\u00fal Sanlleh\u00ed le hab\u00edan dado de margen el partido ante el Huesca y lo han cumplido: este s\u00e1bado (18.30) dirigir\u00e1 al conjunto aragon\u00e9s con la victoria como inexcusable pasaporte para su continuidad. Si, como repite Escrib\u00e1, su futuro va m\u00e1s all\u00e1 de esta frontera incluso con otro mal resultado en La Romareda, entonces el director general y el director deportivo compartir\u00edan una situaci\u00f3n c\u00f3mplice que podr\u00eda dinamitar el proyecto de luchar por un lugar cada vez m\u00e1s remoto en las alturas de la clasificaci\u00f3n. Con el Huesca en el papel de verdugo, este partido es un ultim\u00e1tum para todos.<\/p>\n<p>Los futbolistas tambi\u00e9n se la juegan. Aqu\u00ed nadie se va de rositas. Mientras la afici\u00f3n, reclamada una vez m\u00e1s como complemento energ\u00e9tico para vencer a los oscenses y salir de este t\u00fanel carn\u00edvoro, conserva como puede la paciencia, ninguno de ellos escapa a la reflexi\u00f3n ya muy extendida entre la hinchada de que quiz\u00e1s se haya sobrevalorado la plantilla. De las once incorporaciones de Cordero, Quentin Lecoeuche est\u00e1 resultando la \u00fanica rentable, con Mollejo de eventual revulsivo. Mesa, Valera y Aguado dejaron un sello muy positivo en sus primeras apariciones, pero se han desinflado. Mouri\u00f1o, Manu Vallejo, Toni Moya est\u00e1n muy lejos del protagonismo que les correspond\u00eda y qu\u00e9 decir de Bakis, Poussin y Sergi Enrich&#8230; Pese a que se haya podido aumentar el peso de alguno de los fichajes, que casi todos coincidan en sus peores versiones invita a pensar que la gesti\u00f3n del cuerpo t\u00e9cnico dista mucho de la ideal. Escrib\u00e1 achaca a las circunstancias, las lesiones, los errores individuales e incluso algunas decisiones arbitrales esta racha negativa. Son excusas de mal perdedor, de alguien que se siente part\u00edcipe del fracaso por motivos ajenos a sus competencias. Ni siquiera el rid\u00edculo de la Copa, que le pertenece en un elevado porcentaje, ha erosionado su fe en que \u00e9l es el mejor argumento para regresar al triunfo y al objetivo del ascenso. La pr\u00f3rroga que le han concedido Sanlleh\u00ed y Cordero carece de sentido alguno, pero si se logran los tres puntos frente al Huesca, se ampliar\u00eda la confianza. Eso s\u00ed, insana.<\/p>\n<p>La maquinaria de propaganda del club ya ha activado el cl\u00e1sico \u00abZaragoza nunca se rinde\u00bb en lugar del \u00abMoverse, ma\u00f1os moverse\u00bb. El cambio de himno denota el giro en nada subliminal hacia una tesitura muy delicada que en nada sugiere la fiesta y s\u00ed la necesidad de crear la mejor atm\u00f3sfera posible en un estadio que podr\u00eda incendiarse contra el rival m\u00e1s antip\u00e1tico posible. En principio se espera que el respetable muestre su enfado por del Atzeneta, pero no se pone en duda de que la grada rendir\u00e1 todo su apoyo al equipo. Siempre y cuando d\u00e9 motivos para ello con una actitud al menos profesional, no como ocurri\u00f3 en Ontinyent. Los n\u00fameros y las tendencias castigan al Real Zaragoza y animan al Huesca para huir de la zona de descenso. Ninguno de los dos tiene gol y el equipo de Antonio Hidalgo es el segundo m\u00e1s firme en defensa cuando ejerce de visitante, por lo que el encuentro derivar\u00e1 a una espera paciente de los acontecimientos, por otra parte algo ya muy com\u00fan en las t\u00e1cticas de Escrib\u00e1. El conjunto blanquillo pierde por sanci\u00f3n a Mollejo y por compromiso internacional a Franc\u00e9s. El once que proponga en este pulso regional, al que volver\u00e1 Rebollo,\u00a0 es casi lo de menos. Lo que importa es que quien salga de inicio imprima una personalidad ganadora, si es que Escrib\u00e1, en la que podr\u00eda ser su \u00faltima bala, es capaz no ya de que juegue un f\u00fatbol convincente, sino que lo haga con sangre en lugar de escarcha en las venas.<\/p>\n<blockquote class=\"twitter-tweet\">\n<p lang=\"es\" dir=\"ltr\"> La lista de convocados por Fran Escrib\u00e1 para el <a href=\"https:\/\/twitter.com\/hashtag\/RealZaragozaHuesca?src=hash&amp;ref_src=twsrc%5Etfw\">#RealZaragozaHuesca<\/a><\/p>\n<p>\u00a1   ! &#x26bd;<a href=\"https:\/\/twitter.com\/hashtag\/DefendiendoAlLe%C3%B3n?src=hash&amp;ref_src=twsrc%5Etfw\">#DefendiendoAlLe\u00f3n<\/a>  <a href=\"https:\/\/t.co\/svsPyQNAcF\">pic.twitter.com\/svsPyQNAcF<\/a><\/p>\n<p>&mdash; Real Zaragoza  (@RealZaragoza) <a href=\"https:\/\/twitter.com\/RealZaragoza\/status\/1725855336270066065?ref_src=twsrc%5Etfw\">November 18, 2023<\/a><\/p><\/blockquote>\n<p> <script async src=\"https:\/\/platform.twitter.com\/widgets.js\" charset=\"utf-8\"><\/script><\/p>\n","protected":false},"excerpt":{"rendered":"<p>Con el Huesca en el papel de verdugo, Escrib\u00e1 se juega el puesto, Sanlleh\u00ed y Cordero el proyecto y los futbolistas la \u00faltima oportunidad de demostrar que la crisis no tiene que ver con una plantilla sobrevalorada Fran Escrib\u00e1 fue incapaz de transmitir a su equipo la suficiente motivaci\u00f3n como <a class=\"read-more\" href=\"https:\/\/principesdeparis.es\/principes\/ultimatum-para-todos\/\">Sigue leyendo<\/a><\/p>\n","protected":false},"author":2,"featured_media":13246,"comment_status":"open","ping_status":"open","sticky":false,"template":"","format":"standard","meta":{"footnotes":""},"categories":[13,1],"tags":[],"class_list":["post-13244","post","type-post","status-publish","format-standard","has-post-thumbnail","hentry","category-publicidad","category-real-zaragoza"],"_links":{"self":[{"href":"https:\/\/principesdeparis.es\/principes\/wp-json\/wp\/v2\/posts\/13244","targetHints":{"allow":["GET"]}}],"collection":[{"href":"https:\/\/principesdeparis.es\/principes\/wp-json\/wp\/v2\/posts"}],"about":[{"href":"https:\/\/principesdeparis.es\/principes\/wp-json\/wp\/v2\/types\/post"}],"author":[{"embeddable":true,"href":"https:\/\/principesdeparis.es\/principes\/wp-json\/wp\/v2\/users\/2"}],"replies":[{"embeddable":true,"href":"https:\/\/principesdeparis.es\/principes\/wp-json\/wp\/v2\/comments?post=13244"}],"version-history":[{"count":2,"href":"https:\/\/principesdeparis.es\/principes\/wp-json\/wp\/v2\/posts\/13244\/revisions"}],"predecessor-version":[{"id":13248,"href":"https:\/\/principesdeparis.es\/principes\/wp-json\/wp\/v2\/posts\/13244\/revisions\/13248"}],"wp:featuredmedia":[{"embeddable":true,"href":"https:\/\/principesdeparis.es\/principes\/wp-json\/wp\/v2\/media\/13246"}],"wp:attachment":[{"href":"https:\/\/principesdeparis.es\/principes\/wp-json\/wp\/v2\/media?parent=13244"}],"wp:term":[{"taxonomy":"category","embeddable":true,"href":"https:\/\/principesdeparis.es\/principes\/wp-json\/wp\/v2\/categories?post=13244"},{"taxonomy":"post_tag","embeddable":true,"href":"https:\/\/principesdeparis.es\/principes\/wp-json\/wp\/v2\/tags?post=13244"}],"curies":[{"name":"wp","href":"https:\/\/api.w.org\/{rel}","templated":true}]}}