{"id":13249,"date":"2023-11-18T16:29:48","date_gmt":"2023-11-18T16:29:48","guid":{"rendered":"https:\/\/principesdeparis.es\/principes\/?p=13249"},"modified":"2023-11-18T17:33:33","modified_gmt":"2023-11-18T17:33:33","slug":"mourino-bermejo-y-sergi-enrich-en-el-once-contra-el-huesca","status":"publish","type":"post","link":"https:\/\/principesdeparis.es\/principes\/mourino-bermejo-y-sergi-enrich-en-el-once-contra-el-huesca\/","title":{"rendered":"Mouri\u00f1o, Bermejo y Sergi Enrich en el once contra el Huesca"},"content":{"rendered":"<p>Tres jugadores entran en la alineaci\u00f3n con respecto al \u00faltimo partido que el Real Zaragoza perdi\u00f3 en Elche. Uno por l\u00ednea, con Mouri\u00f1o en el eje defensivo, Bermejo en la medular y Sergi Enrich en la delantera en lo que supone la vuelta a la dupla atacante en Liga. En los locales repiten Rebollo en la porter\u00eda, Borge, Jair y Quentin en la defensa, Grau, Francho y Valera &#8211;superviviente al igual que las tres novedades de hoy del desastre en Copa&#8211; en el centro del campo y Az\u00f3n arriba. El Real Zaragoza regresa a su estadio para dirimir el duelo regional con el Huesca en una situaci\u00f3n l\u00edmite para el equipo, d\u00e9cimo tras derrumbarse en las \u00faltimas siete jornadas sin ganar, y para un entrenador que se juega el puesto pese a que insista en que la c\u00fapula le quiere para el proyecto que part\u00eda con el objetivo de la lucha por el ascenso y que amenaza con desvanecerse. La suma de siete puntos de 30 posibles, adem\u00e1s de una eliminaci\u00f3n muy hiriente del torneo del KO, hacen que este encuentro se juegue con la respiraci\u00f3n contenida, en una atm\u00f3sfera de m\u00e1xima rivalidad que se ha visto reflejada en la espectacular acogida del autob\u00fas blanquillo a su llegado al campo.<\/p>\n<p><img loading=\"lazy\" decoding=\"async\" class=\"alignnone wp-image-13259 aligncenter\" src=\"https:\/\/principesdeparis.es\/principes\/wp-content\/uploads\/2023\/11\/12-14-300x200.jpg\" alt=\"\" width=\"431\" height=\"287\" srcset=\"https:\/\/principesdeparis.es\/principes\/wp-content\/uploads\/2023\/11\/12-14-300x200.jpg 300w, https:\/\/principesdeparis.es\/principes\/wp-content\/uploads\/2023\/11\/12-14-1024x683.jpg 1024w, https:\/\/principesdeparis.es\/principes\/wp-content\/uploads\/2023\/11\/12-14-768x512.jpg 768w, https:\/\/principesdeparis.es\/principes\/wp-content\/uploads\/2023\/11\/12-14-1536x1024.jpg 1536w, https:\/\/principesdeparis.es\/principes\/wp-content\/uploads\/2023\/11\/12-14-610x407.jpg 610w, https:\/\/principesdeparis.es\/principes\/wp-content\/uploads\/2023\/11\/12-14-400x267.jpg 400w, https:\/\/principesdeparis.es\/principes\/wp-content\/uploads\/2023\/11\/12-14.jpg 1620w\" sizes=\"auto, (max-width: 431px) 100vw, 431px\" \/><\/p>\n<p style=\"text-align: center;\"><em>Foto Real Zaragoza<\/em><\/p>\n<p>La importancia del choque es capital para ambas escuadras, con un Huesca en posici\u00f3n de descenso que repite el mismo equipo inicial que empat\u00f3 con el Espanyol hace una semana en El Alcoraz. Antonio Hidalgo no mueve una sola de pieza del segundo bloque de Segunda m\u00e1s dif\u00edcil de batir a domicilio, herencia que mantiene de la etapa de Ziganda y que ha mejorado en los marcadores pese a conservar su d\u00e9ficit ofensivo. Tampoco el Real Zaragoza, sin Aguado ni Mesa en el once, va sobrado de arsenal atacante tras dos citas sin ver puerta, en la igualada en casa ante el Oviedo (0-0) y en la derrota en el Mart\u00ednez Valero (2-0). En esta tesitura, no parece que el choque ese encamine hacia un espect\u00e1culo est\u00e9tico, sino m\u00e1s bien el cruce de un par de equipos con tendencias conservadoras que apostar\u00e1n por cometer los menos errores posibles a la espera de una oportunidad aislada para ponerse por delante. El ambiente, magn\u00edfico en La Romareda, contrasta sin embargo con lo que pueda ocurrir en el c\u00e9sped, en principio la colisi\u00f3n de dos equipos escasos de f\u00fatbol con el Huesca, pese a su situaci\u00f3n, mejor predispuesto para este tipo de escenario.<\/p>\n<p>Se guarda un minuto de silencia por los fallecimientos de Raphael Dwamena y Vicente Mayoral, exjugadores del Real Zaragoza.<\/p>\n<p>La alineaci\u00f3n del Huesca<\/p>\n<blockquote class=\"twitter-tweet\">\n<p dir=\"ltr\" lang=\"es\">ALINEACI\u00d3N | \u00a1 !<\/p>\n<p>\u00a1Vamos a por ellos!<br \/>\n<a href=\"https:\/\/twitter.com\/hashtag\/RealZaragozaHuesca?src=hash&amp;ref_src=twsrc%5Etfw\">#RealZaragozaHuesca<\/a> <a href=\"https:\/\/t.co\/6ws2eF2IfM\">pic.twitter.com\/6ws2eF2IfM<\/a><\/p>\n<p>\u2014 SD Huesca (@SDHuesca) <a href=\"https:\/\/twitter.com\/SDHuesca\/status\/1725911196358803572?ref_src=twsrc%5Etfw\">November 18, 2023<\/a><\/p><\/blockquote>\n<p><script async src=\"https:\/\/platform.twitter.com\/widgets.js\" charset=\"utf-8\"><\/script><\/p>\n","protected":false},"excerpt":{"rendered":"<p>Tres jugadores entran en la alineaci\u00f3n con respecto al \u00faltimo partido que el Real Zaragoza perdi\u00f3 en Elche. Uno por l\u00ednea, con Mouri\u00f1o en el eje defensivo, Bermejo en la medular y Sergi Enrich en la delantera en lo que supone la vuelta a la dupla atacante en Liga. En <a class=\"read-more\" href=\"https:\/\/principesdeparis.es\/principes\/mourino-bermejo-y-sergi-enrich-en-el-once-contra-el-huesca\/\">Sigue leyendo<\/a><\/p>\n","protected":false},"author":2,"featured_media":13252,"comment_status":"open","ping_status":"open","sticky":false,"template":"","format":"standard","meta":{"footnotes":""},"categories":[13,1],"tags":[],"class_list":["post-13249","post","type-post","status-publish","format-standard","has-post-thumbnail","hentry","category-publicidad","category-real-zaragoza"],"_links":{"self":[{"href":"https:\/\/principesdeparis.es\/principes\/wp-json\/wp\/v2\/posts\/13249","targetHints":{"allow":["GET"]}}],"collection":[{"href":"https:\/\/principesdeparis.es\/principes\/wp-json\/wp\/v2\/posts"}],"about":[{"href":"https:\/\/principesdeparis.es\/principes\/wp-json\/wp\/v2\/types\/post"}],"author":[{"embeddable":true,"href":"https:\/\/principesdeparis.es\/principes\/wp-json\/wp\/v2\/users\/2"}],"replies":[{"embeddable":true,"href":"https:\/\/principesdeparis.es\/principes\/wp-json\/wp\/v2\/comments?post=13249"}],"version-history":[{"count":18,"href":"https:\/\/principesdeparis.es\/principes\/wp-json\/wp\/v2\/posts\/13249\/revisions"}],"predecessor-version":[{"id":13270,"href":"https:\/\/principesdeparis.es\/principes\/wp-json\/wp\/v2\/posts\/13249\/revisions\/13270"}],"wp:featuredmedia":[{"embeddable":true,"href":"https:\/\/principesdeparis.es\/principes\/wp-json\/wp\/v2\/media\/13252"}],"wp:attachment":[{"href":"https:\/\/principesdeparis.es\/principes\/wp-json\/wp\/v2\/media?parent=13249"}],"wp:term":[{"taxonomy":"category","embeddable":true,"href":"https:\/\/principesdeparis.es\/principes\/wp-json\/wp\/v2\/categories?post=13249"},{"taxonomy":"post_tag","embeddable":true,"href":"https:\/\/principesdeparis.es\/principes\/wp-json\/wp\/v2\/tags?post=13249"}],"curies":[{"name":"wp","href":"https:\/\/api.w.org\/{rel}","templated":true}]}}