{"id":13271,"date":"2023-11-18T19:44:27","date_gmt":"2023-11-18T19:44:27","guid":{"rendered":"https:\/\/principesdeparis.es\/principes\/?p=13271"},"modified":"2023-11-18T20:16:23","modified_gmt":"2023-11-18T20:16:23","slug":"la-romareda-despide-con-furia-a-escriba","status":"publish","type":"post","link":"https:\/\/principesdeparis.es\/principes\/la-romareda-despide-con-furia-a-escriba\/","title":{"rendered":"28.000 voces despiden con furia a Escrib\u00e1"},"content":{"rendered":"<p style=\"text-align: center;\"><strong>La Romareda, tras una nueva derrota frente al Huesca (0-2), pide la destituci\u00f3n del entrenador y se\u00f1ala al palco mientras se espera que en las pr\u00f3ximas horas se anuncie el relevo en el banquillo<\/strong><\/p>\n<p>Si Ra\u00fal Sanlleh\u00ed y Juan Carlos Cordero ten\u00edan alguna duda sobre la continuidad de Fran Escrib\u00e1, La Romareda se la despej\u00f3 de cuajo durante y al final de un encuentro delirante del Real Zaragoza, que sum\u00f3 una nueva derrota en casa, la cuarta esta temporada, con un espect\u00e1culo deplorable por su en\u00e9sima representaci\u00f3n sin f\u00fatbol, esta vez contra el Huesca con lo supone de agravio por tratarse del duelo aragon\u00e9s de la categor\u00eda. \u00ab\u00a1\u00a1\u00a1Escrib\u00e1 vete ya!!! y \u00ab\u00a1\u00a1\u00a1Fuera ya!!!\u00bb en direcci\u00f3n al palco fueron los c\u00e1nticos altos y sonoros, la petici\u00f3n y la s\u00faplica de los 28.600 espectadores que acudieron a un lamentable planteamiento del t\u00e9cnico y a una no menos lastimosa actuaci\u00f3n de los futbolistas, superados t\u00e1ctica y mentalmente por un conjunto oscense macizo en defensa y que marc\u00f3 dos goles, una cantidad que s\u00f3lo hab\u00eda conseguido en un empate con el Villarreal B en El Alcoraz\u00a0 (2-2) y en su triunfo en Alcorc\u00f3n (0-2). Los tres puntos sacan a los azulgrana de la zona de descenso ante un Real Zaragoza que hace de su crisis una enfermedad de aspecto incurable.<\/p>\n<p>Las horas de Fran Escrib\u00e1, derrumbado la mayor parte del encuentro sobre la butaca del banquillo, est\u00e1n contadas. No dirigir\u00e1 al equipo en la pr\u00f3xima jornada frente al Albacete en el Carlos Belmonte. Los resultados y su incapacidad para que la plantilla reaccione en Liga y en Copa, con la bochornosa eliminaci\u00f3n ante el Atzeneta de Tercera RFEF, han puesto punto final a su trayectoria aunque, por el momento, la decisi\u00f3n no sea oficial. El director general y el director deportivo, que se han personado en el vestuario al t\u00e9rmino del encuentro junto al consejero Mariano Aguilar, tambi\u00e9n fueron se\u00f1alados. El proyecto para luchar pro el ascenso se ven\u00eda desvaneciendo desde hace tiempo, pero esta tarde en El Municipal, contra un rival que llegaba apurado por su clasificaci\u00f3n y que desarm\u00f3 por completo a un adversario desquiciado, s\u00f3lo se puede retomar, y no sin muchos problemas, con la contrataci\u00f3n de un nuevo entrenador que sepa rescatar a un equipo que no lo es y despu\u00e9s darle el pulso vital que ha perdido con un Escrib\u00e1 ajeno a la realidad, anclado en la versi\u00f3n del profesional que considera que la derrota y el declive no le pertenecen. Hidalgo le desnud\u00f3 por completo de la \u00faltima m\u00e1scara que le quedaba, un antifaz transparente.<\/p>\n","protected":false},"excerpt":{"rendered":"<p>La Romareda, tras una nueva derrota frente al Huesca (0-2), pide la destituci\u00f3n del entrenador y se\u00f1ala al palco mientras se espera que en las pr\u00f3ximas horas se anuncie el relevo en el banquillo Si Ra\u00fal Sanlleh\u00ed y Juan Carlos Cordero ten\u00edan alguna duda sobre la continuidad de Fran Escrib\u00e1, <a class=\"read-more\" href=\"https:\/\/principesdeparis.es\/principes\/la-romareda-despide-con-furia-a-escriba\/\">Sigue leyendo<\/a><\/p>\n","protected":false},"author":2,"featured_media":13274,"comment_status":"open","ping_status":"open","sticky":false,"template":"","format":"standard","meta":{"footnotes":""},"categories":[13,1],"tags":[],"class_list":["post-13271","post","type-post","status-publish","format-standard","has-post-thumbnail","hentry","category-publicidad","category-real-zaragoza"],"_links":{"self":[{"href":"https:\/\/principesdeparis.es\/principes\/wp-json\/wp\/v2\/posts\/13271","targetHints":{"allow":["GET"]}}],"collection":[{"href":"https:\/\/principesdeparis.es\/principes\/wp-json\/wp\/v2\/posts"}],"about":[{"href":"https:\/\/principesdeparis.es\/principes\/wp-json\/wp\/v2\/types\/post"}],"author":[{"embeddable":true,"href":"https:\/\/principesdeparis.es\/principes\/wp-json\/wp\/v2\/users\/2"}],"replies":[{"embeddable":true,"href":"https:\/\/principesdeparis.es\/principes\/wp-json\/wp\/v2\/comments?post=13271"}],"version-history":[{"count":9,"href":"https:\/\/principesdeparis.es\/principes\/wp-json\/wp\/v2\/posts\/13271\/revisions"}],"predecessor-version":[{"id":13281,"href":"https:\/\/principesdeparis.es\/principes\/wp-json\/wp\/v2\/posts\/13271\/revisions\/13281"}],"wp:featuredmedia":[{"embeddable":true,"href":"https:\/\/principesdeparis.es\/principes\/wp-json\/wp\/v2\/media\/13274"}],"wp:attachment":[{"href":"https:\/\/principesdeparis.es\/principes\/wp-json\/wp\/v2\/media?parent=13271"}],"wp:term":[{"taxonomy":"category","embeddable":true,"href":"https:\/\/principesdeparis.es\/principes\/wp-json\/wp\/v2\/categories?post=13271"},{"taxonomy":"post_tag","embeddable":true,"href":"https:\/\/principesdeparis.es\/principes\/wp-json\/wp\/v2\/tags?post=13271"}],"curies":[{"name":"wp","href":"https:\/\/api.w.org\/{rel}","templated":true}]}}