{"id":13282,"date":"2023-11-18T20:40:02","date_gmt":"2023-11-18T20:40:02","guid":{"rendered":"https:\/\/principesdeparis.es\/principes\/?p=13282"},"modified":"2023-11-18T22:29:44","modified_gmt":"2023-11-18T22:29:44","slug":"13282-2","status":"publish","type":"post","link":"https:\/\/principesdeparis.es\/principes\/13282-2\/","title":{"rendered":"Escrib\u00e1 se agarra al sill\u00f3n mientras Sanlleh\u00ed y Cordero meditan y negocian"},"content":{"rendered":"<p style=\"text-align: center;\"><strong>El entrenador coment\u00f3 en la sala de prensa que se hab\u00eda reunido con el director general y el director deportivo, que est\u00e1n reunidos en las oficinas del club para tomar una decisi\u00f3n encaminada hacia el cese del t\u00e9cnico. Pese a todo, Escrib\u00e1 ha dicho que se siente capacitado para seguir, pro la c\u00fapula ya entbalado negociaciones con alternativas, entre ellas Pablo Mach\u00edn.<\/strong><\/p>\n<p><strong>Destituci\u00f3n:<\/strong> \u00abEs l\u00f3gica la pregunta. He hablado con los dos al final del partido, con Ra\u00fal y Juan Carlos, y hemos sido siempre muy francos y se ha generado un v\u00ednculo que va a seguir m\u00e1s all\u00e1 del Real Zaragoza. Lo que s\u00ed transmito es que me veo capaz de devolver al equipo donde queremos. La conversaci\u00f3n ha sido denntro de la tristeza por parte de los tres y buscando lo mejor para el equipo. Les dar\u00e9 un abrazo a los dos ocurra lo que ocurra. Lo que decidan que sea por el bien del Real Zaragoza\u00bb.<\/p>\n<p><strong>Incrustado en el banquillo:<\/strong> \u00abMe siento capaz y fuerte y quiero seguir siendo entrenador del equipo, pero es l\u00f3gico que la gente est\u00e9 as\u00ed de enfadada. Por eso no sal\u00eda del banquillo, para que no se focalizara la crispaci\u00f3n en el equipo. Mi experiencia me ha dicho que no lo hiciera para para proteger al equipo. Quiero pensar que estar\u00e9 en Albacete, pero esta situaci\u00f3n no se puede prolongar. Quiero y espero continuar. Soy honesto y no quiero continuar por continuar sino porque estoy convencido de que se puede salir de esto\u00bb.<\/p>\n<p><strong>Bloqueados:<\/strong> \u00abLo sentimos mucho, es un momento mal\u00edsimo. El Huesca nos hizo da\u00f1o la primera vez que llegaron, lo que no nos vino nada bien en esta situaci\u00f3n. Los resultados son terribles y eso afecta al equipo mentalmente. Hoy s\u00ed que he visto un mal partido. Estamos bloqueados, pero no muertos ni vel la situaci\u00f3n irrecuperable mucha gente, y es l\u00f3gico, piense lo contrario\u00bb.<\/p>\n","protected":false},"excerpt":{"rendered":"<p>El entrenador coment\u00f3 en la sala de prensa que se hab\u00eda reunido con el director general y el director deportivo, que est\u00e1n reunidos en las oficinas del club para tomar una decisi\u00f3n encaminada hacia el cese del t\u00e9cnico. Pese a todo, Escrib\u00e1 ha dicho que se siente capacitado para seguir, <a class=\"read-more\" href=\"https:\/\/principesdeparis.es\/principes\/13282-2\/\">Sigue leyendo<\/a><\/p>\n","protected":false},"author":2,"featured_media":13283,"comment_status":"open","ping_status":"open","sticky":false,"template":"","format":"standard","meta":{"footnotes":""},"categories":[13,1],"tags":[],"class_list":["post-13282","post","type-post","status-publish","format-standard","has-post-thumbnail","hentry","category-publicidad","category-real-zaragoza"],"_links":{"self":[{"href":"https:\/\/principesdeparis.es\/principes\/wp-json\/wp\/v2\/posts\/13282","targetHints":{"allow":["GET"]}}],"collection":[{"href":"https:\/\/principesdeparis.es\/principes\/wp-json\/wp\/v2\/posts"}],"about":[{"href":"https:\/\/principesdeparis.es\/principes\/wp-json\/wp\/v2\/types\/post"}],"author":[{"embeddable":true,"href":"https:\/\/principesdeparis.es\/principes\/wp-json\/wp\/v2\/users\/2"}],"replies":[{"embeddable":true,"href":"https:\/\/principesdeparis.es\/principes\/wp-json\/wp\/v2\/comments?post=13282"}],"version-history":[{"count":6,"href":"https:\/\/principesdeparis.es\/principes\/wp-json\/wp\/v2\/posts\/13282\/revisions"}],"predecessor-version":[{"id":13292,"href":"https:\/\/principesdeparis.es\/principes\/wp-json\/wp\/v2\/posts\/13282\/revisions\/13292"}],"wp:featuredmedia":[{"embeddable":true,"href":"https:\/\/principesdeparis.es\/principes\/wp-json\/wp\/v2\/media\/13283"}],"wp:attachment":[{"href":"https:\/\/principesdeparis.es\/principes\/wp-json\/wp\/v2\/media?parent=13282"}],"wp:term":[{"taxonomy":"category","embeddable":true,"href":"https:\/\/principesdeparis.es\/principes\/wp-json\/wp\/v2\/categories?post=13282"},{"taxonomy":"post_tag","embeddable":true,"href":"https:\/\/principesdeparis.es\/principes\/wp-json\/wp\/v2\/tags?post=13282"}],"curies":[{"name":"wp","href":"https:\/\/api.w.org\/{rel}","templated":true}]}}