{"id":13296,"date":"2023-11-18T23:07:28","date_gmt":"2023-11-18T23:07:28","guid":{"rendered":"https:\/\/principesdeparis.es\/principes\/?p=13296"},"modified":"2023-11-19T05:30:10","modified_gmt":"2023-11-19T05:30:10","slug":"el-real-zaragoza-apunta-a-pablo-machin-destituido-en-sus-ultimos-cuatro-destinos","status":"publish","type":"post","link":"https:\/\/principesdeparis.es\/principes\/el-real-zaragoza-apunta-a-pablo-machin-destituido-en-sus-ultimos-cuatro-destinos\/","title":{"rendered":"El Real Zaragoza apunta a Pablo Mach\u00edn, destituido en sus \u00faltimos cuatro destinos"},"content":{"rendered":"<p>Las negociaciones mas avanzadas para buscar el relevo de Fran Escrib\u00e1 se centran en Pablo Mach\u00edn, seg\u00fan informa el Peri\u00f3dico de Arag\u00f3n. El entrenador soriano, de 48 a\u00f1os,\u00a0 un devoto del 1-5-3-2 con dos carrilleras muy largos y un solo delantero,\u00a0inici\u00f3 su carrera profesional en el Numancia en la temporada 2011-2012, para dar a salto al Girona, tambi\u00e9n en Segunda. Con el club catal\u00e1n disput\u00f3 el playoff de ascenso frente al Real Zaragoza de Ranko Popovic en el curso 2014-2015, que perdi\u00f3 despu\u00e9s de haber vencido en La Romareda por 0-3 y caer en Montilivi por 1-4. En el ejercicio 2016-2017, y en liga regular tambi\u00e9n con el Real Zaragoza de por medio, logr\u00f3 subir a Primera tras un pacto de no agresi\u00f3n entre con los aragoneses que les daba el pasaporte a la \u00e9lite y que serv\u00ed a los aragoneses para certificar su salvaci\u00f3n. Su buen trabajo en Girona fue valorado por el Sevilla, pero fue destituido y relevado por Caparr\u00f3s. Al Espanyol lleg\u00f3 en lugar de Gallego, pero tambi\u00e9n fue cesado por un club que prob\u00f3 con Abelardo y despu\u00e9s con Rufete sin conseguir la salvaci\u00f3n. El Alav\u00e9s conf\u00edo en Mach\u00edn para retirarle del cargo despu\u00e9s de 18 jornadas, quien apost\u00f3 por Abelardo y mas tarde por Callejo para conseguir la permanencia. Su \u00faltimo destino ha sido el Elche, adonde lleg\u00f3 despu\u00e9s de Francico y Almir\u00f3n para volver a ser destituido sin que Beccacece pudiera evitar el descenso de los ilicitanos.<\/p>\n","protected":false},"excerpt":{"rendered":"<p>Las negociaciones mas avanzadas para buscar el relevo de Fran Escrib\u00e1 se centran en Pablo Mach\u00edn, seg\u00fan informa el Peri\u00f3dico de Arag\u00f3n. El entrenador soriano, de 48 a\u00f1os,\u00a0 un devoto del 1-5-3-2 con dos carrilleras muy largos y un solo delantero,\u00a0inici\u00f3 su carrera profesional en el Numancia en la temporada <a class=\"read-more\" href=\"https:\/\/principesdeparis.es\/principes\/el-real-zaragoza-apunta-a-pablo-machin-destituido-en-sus-ultimos-cuatro-destinos\/\">Sigue leyendo<\/a><\/p>\n","protected":false},"author":2,"featured_media":13297,"comment_status":"open","ping_status":"open","sticky":false,"template":"","format":"standard","meta":{"footnotes":""},"categories":[13,1],"tags":[],"class_list":["post-13296","post","type-post","status-publish","format-standard","has-post-thumbnail","hentry","category-publicidad","category-real-zaragoza"],"_links":{"self":[{"href":"https:\/\/principesdeparis.es\/principes\/wp-json\/wp\/v2\/posts\/13296","targetHints":{"allow":["GET"]}}],"collection":[{"href":"https:\/\/principesdeparis.es\/principes\/wp-json\/wp\/v2\/posts"}],"about":[{"href":"https:\/\/principesdeparis.es\/principes\/wp-json\/wp\/v2\/types\/post"}],"author":[{"embeddable":true,"href":"https:\/\/principesdeparis.es\/principes\/wp-json\/wp\/v2\/users\/2"}],"replies":[{"embeddable":true,"href":"https:\/\/principesdeparis.es\/principes\/wp-json\/wp\/v2\/comments?post=13296"}],"version-history":[{"count":3,"href":"https:\/\/principesdeparis.es\/principes\/wp-json\/wp\/v2\/posts\/13296\/revisions"}],"predecessor-version":[{"id":13300,"href":"https:\/\/principesdeparis.es\/principes\/wp-json\/wp\/v2\/posts\/13296\/revisions\/13300"}],"wp:featuredmedia":[{"embeddable":true,"href":"https:\/\/principesdeparis.es\/principes\/wp-json\/wp\/v2\/media\/13297"}],"wp:attachment":[{"href":"https:\/\/principesdeparis.es\/principes\/wp-json\/wp\/v2\/media?parent=13296"}],"wp:term":[{"taxonomy":"category","embeddable":true,"href":"https:\/\/principesdeparis.es\/principes\/wp-json\/wp\/v2\/categories?post=13296"},{"taxonomy":"post_tag","embeddable":true,"href":"https:\/\/principesdeparis.es\/principes\/wp-json\/wp\/v2\/tags?post=13296"}],"curies":[{"name":"wp","href":"https:\/\/api.w.org\/{rel}","templated":true}]}}