{"id":13307,"date":"2023-11-20T14:11:27","date_gmt":"2023-11-20T14:11:27","guid":{"rendered":"https:\/\/principesdeparis.es\/principes\/?p=13307"},"modified":"2023-11-20T15:13:46","modified_gmt":"2023-11-20T15:13:46","slug":"el-real-zaragoza-anuncia-la-destitucion-de-fran-escriba","status":"publish","type":"post","link":"https:\/\/principesdeparis.es\/principes\/el-real-zaragoza-anuncia-la-destitucion-de-fran-escriba\/","title":{"rendered":"El Real Zaragoza anuncia la destituci\u00f3n de Fran Escrib\u00e1"},"content":{"rendered":"<p>El Real Zaragoza ha anunciado a trav\u00e9s de sus redes sociales la destituci\u00f3n de Fran Escrib\u00e1. Su relevo en el banquillo, a\u00fan no oficial, ser\u00e1\u00a0 Julio Vel\u00e1zquez, de 42 a\u00f1os, exentrenador de Udinese, Os Belenenses, Vit\u00f3ria de Set\u00fabal, Mar\u00edtimo, Alav\u00e9s, Fortuna Sittard, Villarreal B, Villarreal, Murcia, Betis, Alcorc\u00f3n y Polideportivo Ejido. El t\u00e9cnico valenciano se ha reunido hoy con el director general, Ra\u00fal Sanlleh\u00ed, quien le ha comunicado su despedida despu\u00e9s de que el conjunto aragon\u00e9s acumule once partidos de Liga de los que s\u00f3lo ha ganado uno y la eliminaci\u00f3n de la Copa frente al Atzeneta de Tercera RFEF. El ensayo de esta tarde, que se ha retrasado en media hora (a las 17.00) ser\u00e1 dirigido por Generelo, segundo de Escrib\u00e1, mientras se cierra el acuerdo con Vel\u00e1zquez.<\/p>\n<p>Julio Vel\u00e1zquez (Salamanca, 1981)) cuenta con una amplia experiencia pese a su juventud, centr\u00e1ndose la mayor parte de su carrera en el f\u00fatbol espa\u00f1ol en Segunda. En la \u00e9lite tan s\u00f3lo ha dirigido los \u00faltimos ocho encuentros del Alav\u00e9s en la temporada\u00a0 2021-2022, donde coincidi\u00f3 con Toni Moya, sin poder evitar el el equipo vasco descendiera. Sin embargo s\u00ed atesora un amplio curr\u00edculum en las m\u00e1ximas categor\u00edas de Italia, donde apenas estuvo una docena de partidos en el Udinese, Portugal, en Os Belenenses, Vitoria de Set\u00fabal y Mar\u00edtimo, club al que rescat\u00f3 de la \u00faltima posici\u00f3n para lograr la permanencia, y Pa\u00edses Bajos, donde la temporada pasada repiti\u00f3 el milagro de sacar del puesto de colista al Fortuna Sittard. En estos momentos estaba sin equipo al declinar la renovaci\u00f3n con el club neerland\u00e9s.<\/p>\n<p>El salmantino debut\u00f3 como profesional en el banquillo del Villarreal, a los 30 a\u00f1os, siendo el t\u00e9cnico m\u00e1s joven en la segunda categor\u00eda del f\u00fatbol espa\u00f1ol en ese momento. All\u00ed tuvo a sus \u00f3rdenes a los exzaragocistas Cani, Uche y Chechu Dorado hasta que fue relevado por Marcelino Garc\u00eda Toral. Aunque ha quedado catalogado como un profesional para situaciones l\u00edmites, \u00e9l no se considera un t\u00e9cnico al que las direcciones deportivas s\u00f3lo acuden en caso de malos resultados.<\/p>\n<p><strong>Texto del Real Zaragoza en la despedida de Escrib\u00e1<\/strong><\/p>\n<p class=\"p1\"><strong>\u00abEl Real Zaragoza y Fran Escrib\u00e1 <\/strong>finalizan su relaci\u00f3n contractual. El t\u00e9cnico valenciano deja de ser entrenador del conjunto zaragocista despu\u00e9s de haber dirigido un total del 45 partidos oficiales. Escrib\u00e1 decidi\u00f3 apostar por nuestro club en un momento de dificultad y aport\u00f3 un trabajo intachable y una dedicaci\u00f3n total durante esta etapa. Desde el Real Zaragoza queremos agradecer la implicaci\u00f3n de Fran Escrib\u00e1 y su cuerpo t\u00e9cnico, David Generelo y Julen Masach, con nuestro club y les deseamos toda la suerte en sus futuros retos profesionales y personales\u00bb.<\/p>\n<p>&nbsp;<\/p>\n<blockquote class=\"twitter-tweet\">\n<p dir=\"ltr\" lang=\"es\">El Real Zaragoza y Fran Escrib\u00e1 finalizan su relaci\u00f3n contractual<\/p>\n<p>Queremos agradecer la implicaci\u00f3n de Fran Escrib\u00e1 y su cuerpo t\u00e9cnico, y les deseamos toda la suerte en sus futuros retos profesionales y personales<\/p>\n<p>\u2014 Real Zaragoza &#x1f981; (@RealZaragoza) <a href=\"https:\/\/twitter.com\/RealZaragoza\/status\/1726602272992272675?ref_src=twsrc%5Etfw\">November 20, 2023<\/a><\/p><\/blockquote>\n<p><script async src=\"https:\/\/platform.twitter.com\/widgets.js\" charset=\"utf-8\"><\/script><\/p>\n","protected":false},"excerpt":{"rendered":"<p>El Real Zaragoza ha anunciado a trav\u00e9s de sus redes sociales la destituci\u00f3n de Fran Escrib\u00e1. Su relevo en el banquillo, a\u00fan no oficial, ser\u00e1\u00a0 Julio Vel\u00e1zquez, de 42 a\u00f1os, exentrenador de Udinese, Os Belenenses, Vit\u00f3ria de Set\u00fabal, Mar\u00edtimo, Alav\u00e9s, Fortuna Sittard, Villarreal B, Villarreal, Murcia, Betis, Alcorc\u00f3n y Polideportivo <a class=\"read-more\" href=\"https:\/\/principesdeparis.es\/principes\/el-real-zaragoza-anuncia-la-destitucion-de-fran-escriba\/\">Sigue leyendo<\/a><\/p>\n","protected":false},"author":2,"featured_media":13308,"comment_status":"open","ping_status":"open","sticky":false,"template":"","format":"standard","meta":{"footnotes":""},"categories":[13,1],"tags":[],"class_list":["post-13307","post","type-post","status-publish","format-standard","has-post-thumbnail","hentry","category-publicidad","category-real-zaragoza"],"_links":{"self":[{"href":"https:\/\/principesdeparis.es\/principes\/wp-json\/wp\/v2\/posts\/13307","targetHints":{"allow":["GET"]}}],"collection":[{"href":"https:\/\/principesdeparis.es\/principes\/wp-json\/wp\/v2\/posts"}],"about":[{"href":"https:\/\/principesdeparis.es\/principes\/wp-json\/wp\/v2\/types\/post"}],"author":[{"embeddable":true,"href":"https:\/\/principesdeparis.es\/principes\/wp-json\/wp\/v2\/users\/2"}],"replies":[{"embeddable":true,"href":"https:\/\/principesdeparis.es\/principes\/wp-json\/wp\/v2\/comments?post=13307"}],"version-history":[{"count":19,"href":"https:\/\/principesdeparis.es\/principes\/wp-json\/wp\/v2\/posts\/13307\/revisions"}],"predecessor-version":[{"id":13327,"href":"https:\/\/principesdeparis.es\/principes\/wp-json\/wp\/v2\/posts\/13307\/revisions\/13327"}],"wp:featuredmedia":[{"embeddable":true,"href":"https:\/\/principesdeparis.es\/principes\/wp-json\/wp\/v2\/media\/13308"}],"wp:attachment":[{"href":"https:\/\/principesdeparis.es\/principes\/wp-json\/wp\/v2\/media?parent=13307"}],"wp:term":[{"taxonomy":"category","embeddable":true,"href":"https:\/\/principesdeparis.es\/principes\/wp-json\/wp\/v2\/categories?post=13307"},{"taxonomy":"post_tag","embeddable":true,"href":"https:\/\/principesdeparis.es\/principes\/wp-json\/wp\/v2\/tags?post=13307"}],"curies":[{"name":"wp","href":"https:\/\/api.w.org\/{rel}","templated":true}]}}