{"id":13328,"date":"2023-11-20T15:49:18","date_gmt":"2023-11-20T15:49:18","guid":{"rendered":"https:\/\/principesdeparis.es\/principes\/?p=13328"},"modified":"2023-11-20T16:03:36","modified_gmt":"2023-11-20T16:03:36","slug":"escriba-espero-que-con-mi-salida-se-relaje-la-tension","status":"publish","type":"post","link":"https:\/\/principesdeparis.es\/principes\/escriba-espero-que-con-mi-salida-se-relaje-la-tension\/","title":{"rendered":"Escrib\u00e1: \u00abEspero que con mi salida se relaje la tensi\u00f3n\u00bb"},"content":{"rendered":"<p style=\"text-align: center;\"><strong>Las palabras de Fran Escrib\u00e1 en su despedida como entrenador del Real Zaragoza<\/strong><\/p>\n<p>\u00abLa despedidas tienen que ser para agradecer y no para reprochar. Hemos pasado a\u00f1o y pico muy bueno, en una ciudad extraordinaria y con una afici\u00f3n que siempre nos ha tratado muy bien.\u00a0 Estoy muy\u00a0 agradecido a Ra\u00fal Sanlleh\u00ed, que fue quien apost\u00f3 por m\u00ed, y entiendo su decisi\u00f3n pese a que nos vi\u00e9ramos capacitados. Me llevo dos amigos (Sanlleh\u00ed y Cordero). Me he despedido de la plantilla y les he agradecido el esfuerzo. Es un gran grupo y pido que se les d\u00e9 apoyo, tambi\u00e9n al nuevo entrenador,\u00a0 porque van a sacar esto adelante, seguro. Espero que con mi salida se relaje la tensi\u00f3n. Ser zaragocista no es f\u00e1cil pero s\u00ed muy bonito.\u00a0 Me voy con la sensaci\u00f3n de s\u00f3lo haber vivido dos meses malos con resultados que nos amargaron. Quiero que se nos recuerde como unos profesionales que revirtieron una situaci\u00f3n complicada. Me siento responsable de la situaci\u00f3n, pero quisiera que tuvieran ese recuerdo de nosotros, de personas que hicieron lo mejor posible por el club y que se van muy agradecidos pese a haber recibido alguna cr\u00edtica m\u00e1s cruel de lo normal. Ser\u00eda un gusto regresar al final de temporada con el pase que tengo para celebrar algo gordo\u00bb.<\/p>\n<blockquote class=\"twitter-tweet\">\n<p lang=\"es\" dir=\"ltr\">Gracias por todo, Fran<\/p>\n<p>Por tu trabajo, por tu trato y por tu compromiso con el Real Zaragoza<\/p>\n<p>Te deseamos todo lo mejor <a href=\"https:\/\/t.co\/AZcydsI9jR\">pic.twitter.com\/AZcydsI9jR<\/a><\/p>\n<p>&mdash; Real Zaragoza &#x1f981; (@RealZaragoza) <a href=\"https:\/\/twitter.com\/RealZaragoza\/status\/1726631871445188623?ref_src=twsrc%5Etfw\">November 20, 2023<\/a><\/p><\/blockquote>\n<p> <script async src=\"https:\/\/platform.twitter.com\/widgets.js\" charset=\"utf-8\"><\/script><\/p>\n","protected":false},"excerpt":{"rendered":"<p>Las palabras de Fran Escrib\u00e1 en su despedida como entrenador del Real Zaragoza \u00abLa despedidas tienen que ser para agradecer y no para reprochar. Hemos pasado a\u00f1o y pico muy bueno, en una ciudad extraordinaria y con una afici\u00f3n que siempre nos ha tratado muy bien.\u00a0 Estoy muy\u00a0 agradecido a <a class=\"read-more\" href=\"https:\/\/principesdeparis.es\/principes\/escriba-espero-que-con-mi-salida-se-relaje-la-tension\/\">Sigue leyendo<\/a><\/p>\n","protected":false},"author":2,"featured_media":13329,"comment_status":"open","ping_status":"open","sticky":false,"template":"","format":"standard","meta":{"footnotes":""},"categories":[13,1],"tags":[],"class_list":["post-13328","post","type-post","status-publish","format-standard","has-post-thumbnail","hentry","category-publicidad","category-real-zaragoza"],"_links":{"self":[{"href":"https:\/\/principesdeparis.es\/principes\/wp-json\/wp\/v2\/posts\/13328","targetHints":{"allow":["GET"]}}],"collection":[{"href":"https:\/\/principesdeparis.es\/principes\/wp-json\/wp\/v2\/posts"}],"about":[{"href":"https:\/\/principesdeparis.es\/principes\/wp-json\/wp\/v2\/types\/post"}],"author":[{"embeddable":true,"href":"https:\/\/principesdeparis.es\/principes\/wp-json\/wp\/v2\/users\/2"}],"replies":[{"embeddable":true,"href":"https:\/\/principesdeparis.es\/principes\/wp-json\/wp\/v2\/comments?post=13328"}],"version-history":[{"count":5,"href":"https:\/\/principesdeparis.es\/principes\/wp-json\/wp\/v2\/posts\/13328\/revisions"}],"predecessor-version":[{"id":13334,"href":"https:\/\/principesdeparis.es\/principes\/wp-json\/wp\/v2\/posts\/13328\/revisions\/13334"}],"wp:featuredmedia":[{"embeddable":true,"href":"https:\/\/principesdeparis.es\/principes\/wp-json\/wp\/v2\/media\/13329"}],"wp:attachment":[{"href":"https:\/\/principesdeparis.es\/principes\/wp-json\/wp\/v2\/media?parent=13328"}],"wp:term":[{"taxonomy":"category","embeddable":true,"href":"https:\/\/principesdeparis.es\/principes\/wp-json\/wp\/v2\/categories?post=13328"},{"taxonomy":"post_tag","embeddable":true,"href":"https:\/\/principesdeparis.es\/principes\/wp-json\/wp\/v2\/tags?post=13328"}],"curies":[{"name":"wp","href":"https:\/\/api.w.org\/{rel}","templated":true}]}}