{"id":13335,"date":"2023-11-20T16:39:21","date_gmt":"2023-11-20T16:39:21","guid":{"rendered":"https:\/\/principesdeparis.es\/principes\/?p=13335"},"modified":"2023-11-21T12:12:15","modified_gmt":"2023-11-21T12:12:15","slug":"llega-julio-velazquez-pero-con-que-objetivo","status":"publish","type":"post","link":"https:\/\/principesdeparis.es\/principes\/llega-julio-velazquez-pero-con-que-objetivo\/","title":{"rendered":"Llega Julio Vel\u00e1zquez, pero \u00bfcon qu\u00e9 objetivo?"},"content":{"rendered":"<p>El club, tras anunciar el despido de Fran Escrib\u00e1 y de que el entrenador se haya marchado con una rueda de prensa presidida por su habitual correcci\u00f3n y trufada de agradecimientos y buenos deseos, ha anunciado a Julio Vel\u00e1zquez, salmantino de 42 a\u00f1os formado en el f\u00fatbol base vallisoletano, como nuevo t\u00e9cnico del Real Zaragoza para lo que resta de temporada. Vel\u00e1zquez, despu\u00e9s de que la c\u00fapula directiva intentara sin \u00e9xito el fichaje de Pablo Mach\u00edn, llega con la complicada misi\u00f3n de resucitar a un equipo muy herido que buscar\u00e1 reactivar sus planes de estar lo m\u00e1s cerca posible de la promoci\u00f3n de ascenso. Se trata de un profesional met\u00f3dico que huye de su fama bien ganada en los \u00faltimos tiempos de rescatador de conjuntos en apuros, como hizo en el Mar\u00edtimo en Portugal y en el Fortuna Sittard holand\u00e9s, etiqueta que le persigue desde que decidiera no renovar al final del pasado curso con el club neerland\u00e9s. Cogi\u00f3 a ambos en la \u00faltima posici\u00f3n de sus respectivas competiciones y logr\u00f3 salvaciones milagrosas. En su nuevo destino, pese a que el conjunto aragon\u00e9s est\u00e1 casi a la misma distancia de la sexta plaza que del descenso, tendr\u00e1 que asumir una responsabilidad de m\u00e1s calado. La distancia, no obstante, es mucho mayor en lo psicol\u00f3gico que en lo deportivo. Recoge el testigo de un proyecto correctamente dise\u00f1ado por Juan Carlos Cordero que en manos de Escrib\u00e1 se ha devaluado por debajo de su realidad, aunque la sospecha de que la plantilla no tiene tanta altura como se preve\u00eda sobrevuela una atm\u00f3sfera cargada de tensiones y no pocas dudas.<\/p>\n<p>La elecci\u00f3n de este profesional que ha rotulado una carrera entre la Segunda Divisi\u00f3n espa\u00f1ola (Villarreal B, Villarreal, Murcia, Betis, Alcorc\u00f3n, Polideportivo Ejido) con la excepci\u00f3n de su corta etapa con el Alav\u00e9s en Primera, donde no fue capaz de salvar al equipo babazorro, y de clubes de la \u00e9lite portuguesa (Os Belenenses, Mar\u00edtimo y Vitoria de Set\u00fabal) y holandesa (Fortuna Sittard) &#8211;vivi\u00f3 una corta estancia en Italia con el Udinese&#8211;, no termina de aclarar si Ra\u00fal Sanlleh\u00ed y Juan Carlos Cordero se mantienen firmes en que la reacci\u00f3n es posible o buscan una nuevo ejercicio de transici\u00f3n frente a una situaci\u00f3n engorrosa. El mensaje en esta segunda oportunidad tender\u00e1 sin duda al optimismo de cara a una afici\u00f3n que ha entregado su coraz\u00f3n y buena parte de su bolsillo a las veladas promesas de \u00e9xito y que ahora mismo contempla estupefacta la marcha f\u00fanebre del Real Zaragoza en un campeonato por donde se arrastra desde hace dos meses por la mala gesti\u00f3n de Escrib\u00e1, pero tambi\u00e9n por la falta de respuesta de jugadores que ni se han aproximado al nivel que presum\u00eda de ellos. El cambio en el banquillo era una cuesti\u00f3n capital; que Vel\u00e1zquez pueda con este reto may\u00fasculo es una cuesti\u00f3n que s\u00f3lo el d\u00eda a d\u00eda desvelar\u00e1.<\/p>\n<p>Los avales del nuevo entrenador del conjunto aragon\u00e9s son los de un profesional curtido pese a su juventud, que otorga m\u00e1s importancia al futbolista que a un sistema que var\u00eda en funci\u00f3n de un deporte en constante movimiento y diferentes propuestas en el mismo partido. Vel\u00e1zquez pertenece a la generaci\u00f3n que, pese a todo, establece el an\u00e1lisis como fundamento de su trabajo. Las sesiones de v\u00eddeo, el repaso constante de errores y aciertos con el mismo acento cr\u00edtico, el estudio del rival y la potenciaci\u00f3n del individuo ocupan casi todo su espacio vital y profesional. No es nada nuevo en un mundo rendido al relato casi tecnol\u00f3gico. El Real Zaragoza necesita ordenarse en todos los sentidos, pero sobre todo recuperar como m\u00ednimo el pulso competitivo que tuvo al principio del curso. No sirve un erudito en la materia, ni un motivador, ni un curandero, ni un tipo duro&#8230; Vel\u00e1zquez debe reunir todos eses perfiles si quiere ganarse al vestuario, porque la credibilidad s\u00f3lo se la dar\u00e1 los resultados.<\/p>\n<p>As\u00ed, el t\u00e9cnico va a centralizar la atenci\u00f3n en un taller de reparaciones con no pocos veh\u00edculos averiados, la mayor\u00eda elegidos para motorizar el proyecto. No hay f\u00fatbol, no hay gol, el centro del campo ha sido esterilizado y se ha faltado al primer mandamiento de esta categor\u00eda, la defensa. Ese d\u00e9ficit m\u00faltiple ha borrado cualquier se\u00f1a de identidad como bien se pudo comprobar en el Mart\u00ednez Valero, en la Copa y especialmente contra el Huesca, cuando los 28.420 fieles que creyeron en Cordero y en Escrib\u00e1 gritaron \u00a1basta ya! Todo lo acumulado en su carrera le servir\u00e1, pero Vel\u00e1zquez retoma en el Real Zaragoza, le guste o no, la consecuci\u00f3n de otro y complicado milagro desde los infiernos: alcanzar el cielo para un equipo que ahora mismo es un \u00e1ngel ca\u00eddo.<\/p>\n<blockquote class=\"twitter-tweet\">\n<p lang=\"es\" dir=\"ltr\">\u275dQueremos un equipo con identidad y que tenga claro lo que significa representar a este escudo y a esta instituci\u00f3n\u275e<\/p>\n<p>&#x1f195;&#x1f3a5; Julio Vel\u00e1zquez <a href=\"https:\/\/t.co\/JVkLKdMb0Y\">pic.twitter.com\/JVkLKdMb0Y<\/a><\/p>\n<p>&mdash; Real Zaragoza &#x1f981; (@RealZaragoza) <a href=\"https:\/\/twitter.com\/RealZaragoza\/status\/1726724678842990873?ref_src=twsrc%5Etfw\">November 20, 2023<\/a><\/p><\/blockquote>\n<p> <script async src=\"https:\/\/platform.twitter.com\/widgets.js\" charset=\"utf-8\"><\/script><\/p>\n","protected":false},"excerpt":{"rendered":"<p>El club, tras anunciar el despido de Fran Escrib\u00e1 y de que el entrenador se haya marchado con una rueda de prensa presidida por su habitual correcci\u00f3n y trufada de agradecimientos y buenos deseos, ha anunciado a Julio Vel\u00e1zquez, salmantino de 42 a\u00f1os formado en el f\u00fatbol base vallisoletano, como <a class=\"read-more\" href=\"https:\/\/principesdeparis.es\/principes\/llega-julio-velazquez-pero-con-que-objetivo\/\">Sigue leyendo<\/a><\/p>\n","protected":false},"author":2,"featured_media":13336,"comment_status":"open","ping_status":"open","sticky":false,"template":"","format":"standard","meta":{"footnotes":""},"categories":[13,1],"tags":[],"class_list":["post-13335","post","type-post","status-publish","format-standard","has-post-thumbnail","hentry","category-publicidad","category-real-zaragoza"],"_links":{"self":[{"href":"https:\/\/principesdeparis.es\/principes\/wp-json\/wp\/v2\/posts\/13335","targetHints":{"allow":["GET"]}}],"collection":[{"href":"https:\/\/principesdeparis.es\/principes\/wp-json\/wp\/v2\/posts"}],"about":[{"href":"https:\/\/principesdeparis.es\/principes\/wp-json\/wp\/v2\/types\/post"}],"author":[{"embeddable":true,"href":"https:\/\/principesdeparis.es\/principes\/wp-json\/wp\/v2\/users\/2"}],"replies":[{"embeddable":true,"href":"https:\/\/principesdeparis.es\/principes\/wp-json\/wp\/v2\/comments?post=13335"}],"version-history":[{"count":27,"href":"https:\/\/principesdeparis.es\/principes\/wp-json\/wp\/v2\/posts\/13335\/revisions"}],"predecessor-version":[{"id":13367,"href":"https:\/\/principesdeparis.es\/principes\/wp-json\/wp\/v2\/posts\/13335\/revisions\/13367"}],"wp:featuredmedia":[{"embeddable":true,"href":"https:\/\/principesdeparis.es\/principes\/wp-json\/wp\/v2\/media\/13336"}],"wp:attachment":[{"href":"https:\/\/principesdeparis.es\/principes\/wp-json\/wp\/v2\/media?parent=13335"}],"wp:term":[{"taxonomy":"category","embeddable":true,"href":"https:\/\/principesdeparis.es\/principes\/wp-json\/wp\/v2\/categories?post=13335"},{"taxonomy":"post_tag","embeddable":true,"href":"https:\/\/principesdeparis.es\/principes\/wp-json\/wp\/v2\/tags?post=13335"}],"curies":[{"name":"wp","href":"https:\/\/api.w.org\/{rel}","templated":true}]}}