{"id":13368,"date":"2023-11-21T18:14:43","date_gmt":"2023-11-21T18:14:43","guid":{"rendered":"https:\/\/principesdeparis.es\/principes\/?p=13368"},"modified":"2023-11-21T18:34:50","modified_gmt":"2023-11-21T18:34:50","slug":"velazquez-venimos-a-dejarnos-la-vida-porque-creemos-en-este-equipo","status":"publish","type":"post","link":"https:\/\/principesdeparis.es\/principes\/velazquez-venimos-a-dejarnos-la-vida-porque-creemos-en-este-equipo\/","title":{"rendered":"Vel\u00e1zquez: \u00abVenimos a dejarnos la vida porque creemos en este equipo\u00bb"},"content":{"rendered":"<p>El nuevo t\u00e9cnico del Real Zaragoza, Julio Vel\u00e1zquez, ha ofrecido sus primeras impresiones tras hacerse cargo del puesto y completar la primera sesi\u00f3n de entrenamiento con el equipo que intentar\u00e1 reactivar y reconducir en lo deportivo y lo an\u00edmico.<\/p>\n<p><strong>Ra\u00fal Sanlleh\u00ed<\/strong><\/p>\n<p>\u00abNo han sido d\u00edas f\u00e1ciles para nadie. Quiero agradecer a Fran Escrib\u00e1 su trabajo y su aspecto humano. El f\u00fatbol es cruel. Le damos la gracias y le deseamos lo mejor. La reacci\u00f3n de Cordero para buscar un nuevo entrenador es destacable porque con Julio fue <strong>el \u00fanico entrenador con quien hemos hablado<\/strong>. La \u00fanica opci\u00f3n\u00bb.<\/p>\n<p><strong>Juan Carlos Cordero<\/strong><\/p>\n<p>\u00abEscrib\u00e1 y su equipo de trabajo se han dejado todo por este club. Ha sido una experiencia fant\u00e1stica trabajar con ellos. Con <strong>Julio Vel\u00e1zque<\/strong>z ten\u00eda relaci\u00f3n desde hace a\u00f1os. <strong>Es un\u00a0 profesional valiente<\/strong> y con experiencia en Espa\u00f1a y en el extranjero. Como ha dicho Ra\u00fal, <strong>fue la primera opci\u00f3n que puse sobre la mesa como profesional id\u00f3neo para revertir la actual situaci\u00f3n del club.<\/strong> Sus equipos son muy intensos, saben a lo que quieren jugar y le mete mucha pasi\u00f3n a este deporte\u00bb.<\/p>\n<p><strong>Julio Vel\u00e1zquez<\/strong><\/p>\n<p>\u00abAl recibir la llamada nos emplazamos a una reuni\u00f3n con la propiedad que fue tremendamente grata y not\u00e9 una sinergia muy positiva. Para m\u00ed suma porque la interacci\u00f3n con ellos va a ser continua. Por pasi\u00f3n a este deporte y por responsabilidad hab\u00eda visto todos los partidos del Real Zaragoza y mi valoraci\u00f3n sobre esta plantilla eran muy elevadas. Los objetivos por encima de todo es focalizarnos en el presente y construir algo que nos permita ser competitivos en el presente y en el futuro. La consecuencia de todo esto es poder mirar hacia arriba\u00a0 de manera ambiciosa pero con los pies en el suelo. Pensaremos de manera positivo pero con sentido com\u00fan\u00bb.<\/p>\n<p><strong>\u00abLo que quiero es que el equipo sea reconocible, tenga personalidad y sea proactivo con y sin bal\u00f3n.<\/strong> Lo que hay que buscar es mezclar de la mejor manera posible conseguir rendimiento. Mi manera de proceder es muy vers\u00e1til y din\u00e1mica, A lo largo de mi carrera he dirigido equipos con diferentes propuestas. <strong>Siempre en funci\u00f3n de los perfiles que haya en los plantillas.<\/strong> Que el equipo tenga energ\u00eda y pasi\u00f3n y que no pierda la cara a la competici\u00f3n en ning\u00fan momento sea en el contexto que sea\u00bb.<\/p>\n<p>\u00abTengo m\u00e1ximo respeto hacia Fran Escrib\u00e1. Su trabajo no tiene muy d\u00e9ficit. En lo an\u00edmico, l\u00f3gicamente el equipo nos e encuentra en unos niveles \u00f3ptimos. Por ah\u00ed hemos enfocado el primer mensaje al grupo. <strong>Consideramos que hay mimbres para construir algo muy interesante.<\/strong> Es una plantilla muy interesante, y eso les he transmitido. Tambi\u00e9n nuestra pasi\u00f3n y lo que sentimos, que son jugadores de alto nivel y que tengo mucha confianza en ellos. Adem\u00e1s, por supuesto, que representamos a una gran instituci\u00f3n. Los jugadores van a darnos tardes bonitas y partidos muy a tener en cuenta. Pero sin perder nunca de vista la realidad de esta competici\u00f3n, con muchos equipos que aspiran a jugar el playoff. Si pierdes de vista la realidad, te llevas el tortazo. <strong>Venimos a dejarnos la vida por conseguir los objetivos de este club\u00bb.<\/strong><\/p>\n<p>\u00abCada escenario es diferente y tiene sus particularidades. Cuando hay necesidad s\u00ed hay elementos comunes. Me ha tocado lidiar con situaciones complejas, pero <strong>lo que lleva a pensar que se puede cambiar la din\u00e1mica de este equipo es que hay grandes futbolistas y una maravillosa afici\u00f3n. <\/strong>Si analizas momentos muy concretos de mala fortuna que han llevado a una penalizaci\u00f3n en la puntuaci\u00f3n. Con rigor y con trabajo y la sinergia entre todos, el Real Zaragoza va a ser reconocible, que es el primer paso\u00bb.<\/p>\n<p>\u00abMe focalizo en el hoy y en el presente, en lo que somos hoy. Es una temporada nueva con una dosis de ilusi\u00f3n tremenda. Hablar del pasado no me parece lo adecuado.\u00a0 Cada partido es una historia diferente. <strong>Para m\u00ed, el 80% pasa por lo que somos nosotros.<\/strong> Debemos identificar las debilidades del adversario y teniendo una parte importante de positivismo\u00bb.<\/p>\n<p><strong>\u00abSiempre que hemos considerado que alguien de la cantera tiene posibilidades, le hemos dado la oportunidad.<\/strong> Pero sin perder la realidad del f\u00fatbol profesional, que es conseguir rendimiento. No perdemos de vista el sentimiento de pertenencia, pero tiene que ira todo de la mano. Si hay nivel y capacidad, ver los momentos y jugar\u00e1 si lo consideramos oportuno. Detesto hacerlo porque s\u00ed, sino d\u00e1ndole el valor que merece a jugadores en fases sensibles. Si el momento lo requiera, cero dudas con ellos\u00bb.<\/p>\n<p>\u00abLo del mayor reto es muy subjetivo. Lo asumo cada vez que tengo uno en la mano. Por encima de todo somos seres humanos. <strong>El del Real Zaragoza es el m\u00e1s importante porque es lo que me toca ahora<\/strong>. La directiva me ha transmitido mucho nivel desde el primer segundo, adem\u00e1s de capacidad y conocimiento. Literalmente nos dejaremos la vida y su mensaje ha sido que hagamos las cosas con coherencia\u00bb.<\/p>\n<p>\u00abPara m\u00ed, <strong>Juan Carlos Cordero es uno de los mejores directores deportivos del f\u00fatbol europeo.<\/strong> Estoy muy contento de que por fin trabajemos juntos. Por una u otra circunstancia no se hab\u00eda dado y estoy muy contento. Tampoco conoc\u00eda a Ra\u00fal hy el estar hoy aqu\u00ed con ambos me hace sentir todav\u00eda m\u00e1s responsabilizado pro ser parte por este proyecto\u00bb<\/p>\n<p><em>Foto Real Zaragoza<\/em><\/p>\n<p>&nbsp;<\/p>\n","protected":false},"excerpt":{"rendered":"<p>El nuevo t\u00e9cnico del Real Zaragoza, Julio Vel\u00e1zquez, ha ofrecido sus primeras impresiones tras hacerse cargo del puesto y completar la primera sesi\u00f3n de entrenamiento con el equipo que intentar\u00e1 reactivar y reconducir en lo deportivo y lo an\u00edmico. Ra\u00fal Sanlleh\u00ed \u00abNo han sido d\u00edas f\u00e1ciles para nadie. Quiero agradecer <a class=\"read-more\" href=\"https:\/\/principesdeparis.es\/principes\/velazquez-venimos-a-dejarnos-la-vida-porque-creemos-en-este-equipo\/\">Sigue leyendo<\/a><\/p>\n","protected":false},"author":2,"featured_media":13369,"comment_status":"open","ping_status":"open","sticky":false,"template":"","format":"standard","meta":{"footnotes":""},"categories":[13,1],"tags":[],"class_list":["post-13368","post","type-post","status-publish","format-standard","has-post-thumbnail","hentry","category-publicidad","category-real-zaragoza"],"_links":{"self":[{"href":"https:\/\/principesdeparis.es\/principes\/wp-json\/wp\/v2\/posts\/13368","targetHints":{"allow":["GET"]}}],"collection":[{"href":"https:\/\/principesdeparis.es\/principes\/wp-json\/wp\/v2\/posts"}],"about":[{"href":"https:\/\/principesdeparis.es\/principes\/wp-json\/wp\/v2\/types\/post"}],"author":[{"embeddable":true,"href":"https:\/\/principesdeparis.es\/principes\/wp-json\/wp\/v2\/users\/2"}],"replies":[{"embeddable":true,"href":"https:\/\/principesdeparis.es\/principes\/wp-json\/wp\/v2\/comments?post=13368"}],"version-history":[{"count":11,"href":"https:\/\/principesdeparis.es\/principes\/wp-json\/wp\/v2\/posts\/13368\/revisions"}],"predecessor-version":[{"id":13380,"href":"https:\/\/principesdeparis.es\/principes\/wp-json\/wp\/v2\/posts\/13368\/revisions\/13380"}],"wp:featuredmedia":[{"embeddable":true,"href":"https:\/\/principesdeparis.es\/principes\/wp-json\/wp\/v2\/media\/13369"}],"wp:attachment":[{"href":"https:\/\/principesdeparis.es\/principes\/wp-json\/wp\/v2\/media?parent=13368"}],"wp:term":[{"taxonomy":"category","embeddable":true,"href":"https:\/\/principesdeparis.es\/principes\/wp-json\/wp\/v2\/categories?post=13368"},{"taxonomy":"post_tag","embeddable":true,"href":"https:\/\/principesdeparis.es\/principes\/wp-json\/wp\/v2\/tags?post=13368"}],"curies":[{"name":"wp","href":"https:\/\/api.w.org\/{rel}","templated":true}]}}