{"id":13384,"date":"2023-11-22T18:59:58","date_gmt":"2023-11-22T18:59:58","guid":{"rendered":"https:\/\/principesdeparis.es\/principes\/?p=13384"},"modified":"2023-11-22T19:44:41","modified_gmt":"2023-11-22T19:44:41","slug":"analisis-de-como-recuperar-a-cada-jugador-uno-a-uno-si-es-posible","status":"publish","type":"post","link":"https:\/\/principesdeparis.es\/principes\/analisis-de-como-recuperar-a-cada-jugador-uno-a-uno-si-es-posible\/","title":{"rendered":"An\u00e1lisis de c\u00f3mo recuperar a cada jugador uno a uno (si es posible)"},"content":{"rendered":"<p>La apasionada puesta en escena de Julio Vel\u00e1zquez mostr\u00f3 un profesional arrebatador frente a los micr\u00f3fonos y con un amplio dominio del lenguaje deportivo, porteador de m\u00faltiples mensajes sobre sus intenciones para reanimar al Real Zaragoza. Ese tsunami, perfectamente hilado y clarividente, tuvo un largo recorrido en la rueda de prensa, donde el entrenador inflam\u00f3 con personalidad todos los caminos a recorrer para activar al equipo, ninguno especial en relaci\u00f3n a los que la mayor\u00eda de los t\u00e9cnicos en etapas anticrisis marcan en su hoja de ruta inicial aunque economicen m\u00e1s las palabras. Habl\u00f3 de ambici\u00f3n pero con coherencia; descubri\u00f3 que ha visto todos los partidos de un equipo con jugadores de muy alto nivel, y estableci\u00f3 entre sus preferencias una innegociable: que el grupo sea reconocible, tenga personalidad y sea vers\u00e1til, que destile pasi\u00f3n y energ\u00eda en el d\u00eda a d\u00eda. Que compita en un escenario realista. Vel\u00e1zquez, con un calendario de dura corteza por delante hasta el final de la primera vuelta (Albacete, Legan\u00e9s, Espanyol, Amorebieta y Levante), sabe que para ese viaje necesita volver a llenar el dep\u00f3sito moral del equipo, ahora mismo en reserva. Un trabajo colectivo de reanimaci\u00f3n que ya ha empezado a nivel colectivo y que deber\u00e1 incidir en un plano personalizado. Este es en an\u00e1lisis de una plantilla muy herida y de los tratamientos individualizados que podr\u00edan sanarla. No en todos los casos.<\/p>\n<p><strong>Cristian<\/strong><br \/>\n<strong>Divina fragilidad<\/strong><br \/>\nLos a\u00f1os y su floreciente madurez le ha regalado un estatus muy elevado, pero tambi\u00e9n la l\u00f3gica erosi\u00f3n del tiempo. Sus lesiones son anunciadas con raz\u00f3n por trompetas apocal\u00edpticas. Juan Carlos Cordero busc\u00f3 en Ya\u00f1ez un escudo para las posibles ausencias del argentino, pero al final tuvo que decantarse por un Poussin que le ha salido rana. Cualquier objetivo, por supuesto el de seguir luchando por el acenso, pasan ineludiblemente por la mejor salud posible del rosarino.<\/p>\n<p><strong>Rebollo<\/strong><br \/>\n<strong>Tercer portero<\/strong><br \/>\nEl heredero en caso de urgencia en la porter\u00eda era Poussin, pero el derrumbamiento del franc\u00e9s por errores inadmisibles le dieron la titularidad. Bajo su aparente correcci\u00f3n, hay un futbolista corriente, muy del perfil de Rat\u00f3n e incluso por debajo, lo que supone jugar a la loter\u00eda con un puesto capital. Tercer guardameta pese a que el destino le haya subido un escal\u00f3n, es un parche nada convincente hasta el regreso de Cristian.<\/p>\n<p><strong>Poussin<\/strong><br \/>\n<strong>Irrecuperable<\/strong><br \/>\nLos pies se le anudaron en tres ocasiones y en otra perdi\u00f3 de vista a un enemigo que estaba a sus espaldas. No tiene m\u00e1s recorrido en el Real Zaragoza por la presi\u00f3n con que vive ya cada partido, insoportable recuerdo de lo que ha hecho perder al club. Nunca se sabr\u00e1 cu\u00e1l podr\u00eda haber sido su nivel en circunstancias normales, pero es un profesional irrecuperable para la causa.<\/p>\n<p><strong>Borge <\/strong><br \/>\n<strong>Duro aprendizaje<\/strong><br \/>\n\u00daltimamente ha sufrido bastante, pero el canterano, en ambos laterales, se ha comportado con una notable madurez en su duro aprendizaje en el primer equipo. Recto e imperturbable, cumplidor y fuerte defensivamente, super\u00f3 con argumentos a Luna en las preferencias de Escrib\u00e1 cuando Nieto, Quentin y G\u00e1mez entraron en la enfermer\u00eda. A su regularidad y buen criterio posicional se le echa de menos profundidad por el carril en un equipo sin extremos. Su proyecci\u00f3n como defensor total es muy interesante, si bien el momento pide a alguien m\u00e1s completo que quiz\u00e1s no exista ahora mismo en n\u00f3mina.<\/p>\n<p><strong>Mouri\u00f1o <\/strong><br \/>\n<strong>Estresado<\/strong><br \/>\nUna apuesta de futuro del Atl\u00e9tico que recala en el Real Zaragoza como segundo o tercer central y que no termina de cuajar, en un estado de estr\u00e9s constante. P\u00e9rdidas de bal\u00f3n en zonas prohibidas, entradas a destiempo&#8230; Su tremenda fortaleza, en lugar de potenciarle para el once le penaliza, como si no supiera administrar su poderosa naturaleza. Es una pieza a recuperar por el nuevo entrenador, pero ya claramente como alternativa.<\/p>\n<p><strong>Jair <\/strong><br \/>\n<strong>Rescatar al central<\/strong><br \/>\nHasta antes de la semana tr\u00e1gica culminada con la derrota frete al Huesca, el portugu\u00e9s segu\u00eda la gruesa y recta l\u00ednea del central intachable en lo f\u00edsico, insuperable por arriba y categ\u00f3rico sin adornos por abajo. Los adversarios han detectado que si logran que la pelota pase por sus pies en el inicio del juego, tienen mucho ganado. Habr\u00eda que liberarle de una responsabilidad que le supera y rescatarle para su oficio de preciso destructor.<\/p>\n<p><strong>Franc\u00e9s<\/strong><br \/>\n<strong>Intocable por decreto<\/strong><br \/>\nSus viajes con la sub 21 le han salido caros al zaragozano y al equipo. Escrib\u00e1, adem\u00e1s, le sent\u00f3 en el banquillo en un par de ocasiones por sus ausencias internacionales, una frivolidad inadmisible con un futbolista que es un lujo para esta categor\u00eda y para este Real Zaragoza. Casi todo lo que planee Vel\u00e1zquez pasa por el filtro de Franc\u00e9s.<\/p>\n<p><strong>Llu\u00eds L\u00f3pez<\/strong><br \/>\n<strong>La duda eterna<\/strong><br \/>\nMejorado con respecto anteriores temporadas, s\u00f3lo ha aparecido en la alineaci\u00f3n en tres ocasiones. El catal\u00e1n sigue sembrado dudas, pero ser\u00eda conveniente tenerle alerta, sobre todo si Mouri\u00f1o sigue sin sujetar las riendas de sus nervios.<\/p>\n<p><strong>Lecoeuche<\/strong><br \/>\n<strong>M\u00e1s aprovechable<\/strong><br \/>\nEst\u00e1 siendo el fichaje m\u00e1s rentable de Cordero, lo que dice mucho del franc\u00e9s y poco del resto de las nuevas incorporaciones. Su dinamismo y experiencia le han convertido casi en la \u00fanica v\u00eda abierta para construir desde atr\u00e1s sin que rebaje su tensi\u00f3n defensiva. Aun as\u00ed su talento para los centros cuando emprende aventuras ofensivas no hallan respuesta en los atacantes. Un aspecto a trabajar.<\/p>\n<p><strong>G\u00e1mez<\/strong><br \/>\n<strong>Necesario<\/strong><br \/>\nBorge lo ha hecho bien en su ausencia, pero G\u00e1mez, sin ser un dechado de virtudes, tiene la capacidad no siempre bien gestionada de llegar hasta la l\u00ednea de fondo, lo que descongestiona a un Real Zaragoza de interiores muy previsibles. De regreso de una lesi\u00f3n, su vuelta al equipo se contempla como algo necesario.<\/p>\n<p><strong>Nieto<\/strong><br \/>\n<strong>Un lamento<\/strong><br \/>\nPosiblemente en el mejor momento de su carrera, el isquiotibial le fren\u00f3 en seco, lo que caus\u00f3 un enorme da\u00f1o a la estructura del equipo cuando mejor funcionaba. Es poco probable que pueda volver esta temporada, una l\u00e1stima y un perjuicio importante por c\u00f3mo estaba el defensa.<\/p>\n<p><strong>Aguado<\/strong><br \/>\n<strong>Orden y mando<\/strong><br \/>\nEl mejor mediocentro de la categor\u00eda el a\u00f1o pasado, arranc\u00f3 el curso certificando el porqu\u00e9 atesoraba elogios de todos los colores. Un mal d\u00eda contra el Racing y la obsesi\u00f3n de Escrib\u00e1 por el doble pivote, formato que produce un desplazamiento da\u00f1ino para el canterano, hicieron que una sombra se posara sobre \u00e9l. En sus once titularidades el equipo s\u00f3lo ha perdido un encuentro, un dato que no se puede pasar por alto. Aguado y el Real Zaragoza est\u00e1n obligados a entenderse en el reencuentro de una identidad que se tuvo y se tir\u00f3 a la basura.<\/p>\n<p><strong>Francho <\/strong><br \/>\n<strong>El enchufe universal<\/strong><br \/>\nOtro lesionado ilustre y otro agujero imposible de tapar. Por sus piernas y sus pulmones corre la electricidad de una centro del campo que le va recuperando poco a poco como elemento clave para el transporte del bal\u00f3n y las ayudas defensivas, un trabajo impagable en Segunda. Sus emparejamientos con Aguado bien como dupla bien v\u00e9rtice de rombo han sido lo m\u00e1s potable de una medular dinamitada por los caprichos del antiguo entrenador. Imprescindibles para intentar una nueva escalada.<\/p>\n<p><strong>Grau <\/strong><br \/>\n<strong>Alfil, no m\u00e1s<\/strong><br \/>\nComo boya por delante de la defensa, ni ilumina al equipo ni apaga al rival. Demasiado moroso y predecible con el bal\u00f3n. Sus instantes m\u00e1s relevantes han sido como alfil en el rombo, lo que le ha otorgado una mayor proyecci\u00f3n en un papel m\u00e1s acorde a sus cualidades de conductor intermedio.<\/p>\n<p><strong>Toni Moya<\/strong><br \/>\n<strong>Un l\u00edder a medias<\/strong><br \/>\nUno de las grandes urgencias es hallar a Toni Moya, que vino para l\u00edder y entre su paso por la enfermer\u00eda, la desconfianza en esta caso l\u00f3gica de Escrib\u00e1 hacia su figura por no corresponder a la confianza que se le otorg\u00f3 y una mala interpretaci\u00f3n del jugador sobre sus funciones, le tienen anclado fuera del equipo. Se ha confundi\u00f3 y le han confundido. No es un pivote estable sino un interior con imaginaci\u00f3n para el pase filtrado y con un disparo violento que le pide actuar m\u00e1s adelantado. Equivoca ese liderazgo, que es, aun valioso, complementario y no absoluto.<\/p>\n<p><strong>Valera <\/strong><br \/>\n<strong>La velocidad sin freno<\/strong><br \/>\nEl futbolista con m\u00e1s desborde, si no el \u00fanico, ha ido escandalosamente de m\u00e1s a menos. Fundamental en un grupo sin radio de acci\u00f3n por fuera, ha acabado atropell\u00e1ndose y sobreactuado v\u00edctima de su mala lectura de los partidos y de la falta de colaboraci\u00f3n en sus esfuerzos. Con todo, Valera no ha perdido la esencia diferencial que permite conservar la esperanza en un velocista intr\u00e9pido.<\/p>\n<p><strong>Bermejo <\/strong><br \/>\n<strong>Recurso de \u00faltima hora<\/strong><br \/>\nBermejo se ha quedado, como mucho, para los relevos de \u00faltima hora, franja en la que cuando el f\u00edsico de los dem\u00e1s decae, tiene algo de sentido su f\u00fatbol de desequilibrios. La titularidad es una talla demasiado grande para un centrocampista f\u00e1cil de desconectar, defensivamente de perfil muy bajo y con p\u00e9rdidas de bal\u00f3n que comprometen en exceso al equipo.<\/p>\n<p><strong>Mesa<\/strong><br \/>\n<strong>La melancol\u00eda del definidor<\/strong><br \/>\nCon Aguado en la direcci\u00f3n tuvo sus mejores d\u00edas, intercalado en el juego de ataque como pieza indetectable. No tiene velocidad, ni es constante, pero, junto a Valera y Manu Vallejo, es de los pocos capaces de hacer tierra f\u00e9rtil la l\u00ednea de tres cuartos gracias a su calidad t\u00e9cnica. En cualquier caso es un definidor, el m\u00e1s listo, por lo que cuanto m\u00e1s cerca est\u00e9 del \u00e1rea, mejor.<\/p>\n<p><strong>Mollejo<\/strong><br \/>\n<strong>Revulsivo<\/strong><br \/>\nEscrib\u00e1 le dio lo justo y le respondi\u00f3 con tres goles. Su rendimiento se ajusta al de futbolista con una intensidad que unas ocasiones le premia y otras le castiga. Sin t\u00e9rmino medio. Quiz\u00e1s Vel\u00e1zquez le saque m\u00e1s jugo, pero es muy probable que contin\u00fae con la funci\u00f3n de revulsivo con alguna presencia aislada en el equipo inicial.<\/p>\n<p><strong>Manu Vallejo <\/strong><br \/>\n<strong>Mayor implicaci\u00f3n<\/strong><br \/>\nComo ha ocurrido con Mesa, se le ha obligado a trabajos forzados por la banda en un plan muy conservador que le ha desgastado para que brille en lo suyo, que es la mirada y la toma de decisiones verticales. Sin embargo, para su fama de jugador de Primera, le ha faltado una mayor implicaci\u00f3n, algo que el nuevo t\u00e9cnico tendr\u00e1 tambi\u00e9n que trabajar para explotar lo mejor de un fichaje muy lejos de lo que se esperaba de \u00e9l.<\/p>\n<p><strong>Sergi Enrich <\/strong><br \/>\n<strong>La decepci\u00f3n<\/strong><br \/>\nUna expulsi\u00f3n contra el Mirand\u00e9s y dos titularidades invisibles, una en Copa, han mostrado la imagen de un delantero que est\u00e1 decepcionando incluso en su labor de eventual apoyo ofensivo. Su nula participaci\u00f3n, sin ocasiones ni apenas bal\u00f3n, le han dejado en muy mal lugar en una zona en la que, por falta de gol, podr\u00eda haberse hecho un hueco. Su evoluci\u00f3n y aprovechamiento son aut\u00e9nticas inc\u00f3gnitas.<\/p>\n<p><strong>Az\u00f3n <\/strong><br \/>\n<strong>La batalla no es suficiente<\/strong><br \/>\nEl honrado guerrero que se meti\u00f3 al p\u00fablico en el bolsillo con su intachable compromiso ha tenido este temporada su gran oportunidad. Pero Az\u00f3n se ha quedado en un atacante forzudo, con mala relaci\u00f3n con el bal\u00f3n en situaciones favorables, reduciendo su impacto a aislados remates a\u00e9reos, su mejor arma. Tampoco su emparejamiento con Bakis le ha favorecido. Sigue necesitando un trabajo extra de tecnificaci\u00f3n este ariete de otra \u00e9poca sin apenas centros con que alimentar su poderosa irrupci\u00f3n rematadora, obligado a salir a espacios donde prolonga para nadie y le castigan a golpes. Con Bakis lesionado y Sergi Enrich descartado, Vel\u00e1zquez tiene trabajo personalizado y t\u00e1ctico para que Az\u00f3n suba de nota en una delantera de suspensos.<\/p>\n<p><strong>Bakis<\/strong><br \/>\n<strong>Un <em>9 <\/em>deprimido<\/strong><br \/>\nNunca ha sido un matador. Sus cifras goleadoras en otras ligas apenas se aproximaron a la decena de tantos, pero los 12 que hizo en el Andorra avalaron la mayor apuesta econ\u00f3mica del club. El turco, ahora lesionado de su rodilla y con la baja posiblemente hasta 2024, no s\u00f3lo no ha marcado sino que ha entrado en una curva descendente de rendimiento y hasta implicaci\u00f3n. Se fue deprimido, pero el Real Zaragoza no puede permitirse aspirar a algo sin el despertar de este futbolista que tampoco est\u00e1 c\u00f3modo con el doble punta. En su vuelta, Bakis ha de hacerlo con el alta del psic\u00f3logo y m\u00e1s suministro de sus compa\u00f1eros.<\/p>\n<p><em>Foto Real Zaragoza<\/em><\/p>\n","protected":false},"excerpt":{"rendered":"<p>La apasionada puesta en escena de Julio Vel\u00e1zquez mostr\u00f3 un profesional arrebatador frente a los micr\u00f3fonos y con un amplio dominio del lenguaje deportivo, porteador de m\u00faltiples mensajes sobre sus intenciones para reanimar al Real Zaragoza. Ese tsunami, perfectamente hilado y clarividente, tuvo un largo recorrido en la rueda de <a class=\"read-more\" href=\"https:\/\/principesdeparis.es\/principes\/analisis-de-como-recuperar-a-cada-jugador-uno-a-uno-si-es-posible\/\">Sigue leyendo<\/a><\/p>\n","protected":false},"author":2,"featured_media":13386,"comment_status":"open","ping_status":"open","sticky":false,"template":"","format":"standard","meta":{"footnotes":""},"categories":[13,1],"tags":[],"class_list":["post-13384","post","type-post","status-publish","format-standard","has-post-thumbnail","hentry","category-publicidad","category-real-zaragoza"],"_links":{"self":[{"href":"https:\/\/principesdeparis.es\/principes\/wp-json\/wp\/v2\/posts\/13384","targetHints":{"allow":["GET"]}}],"collection":[{"href":"https:\/\/principesdeparis.es\/principes\/wp-json\/wp\/v2\/posts"}],"about":[{"href":"https:\/\/principesdeparis.es\/principes\/wp-json\/wp\/v2\/types\/post"}],"author":[{"embeddable":true,"href":"https:\/\/principesdeparis.es\/principes\/wp-json\/wp\/v2\/users\/2"}],"replies":[{"embeddable":true,"href":"https:\/\/principesdeparis.es\/principes\/wp-json\/wp\/v2\/comments?post=13384"}],"version-history":[{"count":7,"href":"https:\/\/principesdeparis.es\/principes\/wp-json\/wp\/v2\/posts\/13384\/revisions"}],"predecessor-version":[{"id":13393,"href":"https:\/\/principesdeparis.es\/principes\/wp-json\/wp\/v2\/posts\/13384\/revisions\/13393"}],"wp:featuredmedia":[{"embeddable":true,"href":"https:\/\/principesdeparis.es\/principes\/wp-json\/wp\/v2\/media\/13386"}],"wp:attachment":[{"href":"https:\/\/principesdeparis.es\/principes\/wp-json\/wp\/v2\/media?parent=13384"}],"wp:term":[{"taxonomy":"category","embeddable":true,"href":"https:\/\/principesdeparis.es\/principes\/wp-json\/wp\/v2\/categories?post=13384"},{"taxonomy":"post_tag","embeddable":true,"href":"https:\/\/principesdeparis.es\/principes\/wp-json\/wp\/v2\/tags?post=13384"}],"curies":[{"name":"wp","href":"https:\/\/api.w.org\/{rel}","templated":true}]}}