{"id":13405,"date":"2023-11-24T15:17:29","date_gmt":"2023-11-24T15:17:29","guid":{"rendered":"https:\/\/principesdeparis.es\/principes\/?p=13405"},"modified":"2023-11-25T06:13:25","modified_gmt":"2023-11-25T06:13:25","slug":"velazquez-con-v-de-victoria-vital","status":"publish","type":"post","link":"https:\/\/principesdeparis.es\/principes\/velazquez-con-v-de-victoria-vital\/","title":{"rendered":"Vel\u00e1zquez, con &#8216;V&#8217; de victoria vital"},"content":{"rendered":"<blockquote>\n<p style=\"text-align: center;\"><strong>El debut del nuevo t\u00e9cnico, que busca una reacci\u00f3n inmediata a sus ideas con la baja de \u00faltima hora de Az\u00f3n, s\u00f3lo admite el triunfo frente al Albacete para contener la crisis y tomar los tres puntos como rearme ambicioso del Real Zaragoza<\/strong><\/p>\n<\/blockquote>\n<p>Todos los entrenadores intentan rebajar al m\u00e1ximo el dramatismo de los partidos en el epicentro de una crisis, pero en limitadas ocasiones lo consiguen, sobre todo si, como es el caso del Real Zaragoza, tan s\u00f3lo se han sumado 7 de los \u00faltimos 33 puntos. Es cierto que se deber\u00eda analizar el grado de gravedad de otro mal resultado porque la competici\u00f3n ni siquiera ha alcanzado su ecuador, pero la cuesti\u00f3n es que el conjunto aragon\u00e9s se mueve en un escenario muy particular, con once temporadas consecutivas a sus espaldas en Segunda y un proyecto que apunt\u00f3 en verano a la diana de los seis primeros puestos. Cinco triunfos consecutivos y un r\u00e9cord de abonados fomentaron la euforia y desenfocaron la realidad de una plantilla bien hecha para competir aunque pendiente de los rendimientos de los fichajes para descubrir la aut\u00e9ntica dimensi\u00f3n del equipo. La mala gesti\u00f3n del ya destituido Fran Escrib\u00e1 y la pobre respuesta de las novedades tienen al Real Zaragoza en la 13\u00ba posici\u00f3n, muy lejos del liderato del que fue propietario de la 2\u00aa a la 7\u00aa jornadas, y con unos futbolistas en acentuado declive an\u00edmico cuya productividad est\u00e1 muy por debajo de sus capacidades.<\/p>\n<p>Julio Vel\u00e1zquez, un impetuoso entrenador de 42 a\u00f1os con mucho kilometraje pese a su juventud pero a\u00fan en busca de su lugar, ha sido el elegido para revertir por completo este enredo que ha activado ya la preocupaci\u00f3n por un derrumbamiento que amenaza con perder de vista el objetivo original y avisa del peligro de seguir en esa l\u00ednea. Este s\u00e1bado en el Carlos Belmonte (18.30), la victoria resulta innegociable para el Real Zaragoza por lo que supondr\u00eda de ruptura con una racha muy t\u00f3xica de resultados y de colch\u00f3n para reducir la tensi\u00f3n de la atm\u00f3sfera y para continuar trabajando con algo de paz. El t\u00e9cnico ha dejado claro que habr\u00e1 que perseguir la mejora d\u00eda a d\u00eda, pero quiere que el equipo d\u00e9 se\u00f1ales en Albacete de la idea que quiere implantar: agresividad con el bal\u00f3n en la b\u00fasqueda del \u00e1rea rival, llevar el juego al campo contrario y provocar el error en lugar de esperarlo. En un principio, hay aspectos muy diferenciales con respecto a lo que propon\u00eda Escrib\u00e1, quien estableci\u00f3 un plan m\u00e1s conservador. Habr\u00e1 que descubrir si esta plantilla es capaz de ajustarse a ese cambio que la afila hacia un perfil m\u00e1s ofensivo.<\/p>\n<p>Aunque el entrenador dej\u00f3 en el aire que sus intenciones vayan acompa\u00f1adas de novedades en la alineaci\u00f3n de este encuentro, es m\u00e1s que probable que las haya, sobre todo por la baja de \u00faltima hora de Az\u00f3n como consecuencia de un problema muscular. Fran G\u00e1mez, Marc Aguado, Toni Moya y Manu Vallejo, que hab\u00edan perdido peso por diferentes circunstancias, apuntan al once, adem\u00e1s de Franc\u00e9s tras el obligado par\u00e9ntesis por sus compromisos con la selecci\u00f3n sub 21 y la ausencia de Lluis L\u00f3pez por la roja que vio el pasado fin de semana . Mesa, reserva ante el Huesca, es otro de los que cuenta para sumarse al equipo inicial en el Carlos Belmonte, Y a Mollejo, por lo general revulsivo y que vuelve tras dos partidos de sanci\u00f3n,\u00a0 no ser\u00eda extra\u00f1o verle como hombre m\u00e1s adelantado, por encima de un Enrich que apenas ha dejado huella en sus apariciones. Vel\u00e1zquez, aunque no lo haya comentado, piensa devolver la responsabilidad a la mayor\u00eda de los jugadores que fueron contratados para asumirla y mantener a aquellos que no tienen recambio de su altura en estos momentos. , mientras que Rebollo seguir\u00e1 en una porter\u00eda vulnerable mientras que Francho, Valera, Jair y Lecoeuche tendr\u00edan el puesto asegurado ante un rival tambi\u00e9n con muchas dudas y desligado de la victoria desde hace siete jornadas. Vencer con <em>V<\/em> de Vel\u00e1zquez y de vital, con <em>v<\/em> de un Real Zaragoza en teor\u00eda m\u00e1s valiente. Sin la artiller\u00eda pesada y muy ligera de gol y un dise\u00f1o ofensivo m\u00e1s din\u00e1mico.<\/p>\n<blockquote class=\"twitter-tweet\">\n<p lang=\"es\" dir=\"ltr\">&#x1f4cb; La lista de convocados por Julio Vel\u00e1zquez para el <a href=\"https:\/\/twitter.com\/hashtag\/AlbaceteBPRealZaragoza?src=hash&amp;ref_src=twsrc%5Etfw\">#AlbaceteBPRealZaragoza<\/a> <a href=\"https:\/\/twitter.com\/hashtag\/DefendiendoAlLe%C3%B3n?src=hash&amp;ref_src=twsrc%5Etfw\">#DefendiendoAlLe\u00f3n<\/a> &#x1f981; <a href=\"https:\/\/t.co\/bxjHQlatWi\">pic.twitter.com\/bxjHQlatWi<\/a><\/p>\n<p>&mdash; Real Zaragoza &#x1f981; (@RealZaragoza) <a href=\"https:\/\/twitter.com\/RealZaragoza\/status\/1728044853202747671?ref_src=twsrc%5Etfw\">November 24, 2023<\/a><\/p><\/blockquote>\n<p> <script async src=\"https:\/\/platform.twitter.com\/widgets.js\" charset=\"utf-8\"><\/script><\/p>\n<p><em>Foto Real Zaragoza<\/em><\/p>\n","protected":false},"excerpt":{"rendered":"<p>El debut del nuevo t\u00e9cnico, que busca una reacci\u00f3n inmediata a sus ideas con la baja de \u00faltima hora de Az\u00f3n, s\u00f3lo admite el triunfo frente al Albacete para contener la crisis y tomar los tres puntos como rearme ambicioso del Real Zaragoza Todos los entrenadores intentan rebajar al m\u00e1ximo <a class=\"read-more\" href=\"https:\/\/principesdeparis.es\/principes\/velazquez-con-v-de-victoria-vital\/\">Sigue leyendo<\/a><\/p>\n","protected":false},"author":2,"featured_media":13406,"comment_status":"open","ping_status":"open","sticky":false,"template":"","format":"standard","meta":{"footnotes":""},"categories":[13,1],"tags":[],"class_list":["post-13405","post","type-post","status-publish","format-standard","has-post-thumbnail","hentry","category-publicidad","category-real-zaragoza"],"_links":{"self":[{"href":"https:\/\/principesdeparis.es\/principes\/wp-json\/wp\/v2\/posts\/13405","targetHints":{"allow":["GET"]}}],"collection":[{"href":"https:\/\/principesdeparis.es\/principes\/wp-json\/wp\/v2\/posts"}],"about":[{"href":"https:\/\/principesdeparis.es\/principes\/wp-json\/wp\/v2\/types\/post"}],"author":[{"embeddable":true,"href":"https:\/\/principesdeparis.es\/principes\/wp-json\/wp\/v2\/users\/2"}],"replies":[{"embeddable":true,"href":"https:\/\/principesdeparis.es\/principes\/wp-json\/wp\/v2\/comments?post=13405"}],"version-history":[{"count":5,"href":"https:\/\/principesdeparis.es\/principes\/wp-json\/wp\/v2\/posts\/13405\/revisions"}],"predecessor-version":[{"id":13414,"href":"https:\/\/principesdeparis.es\/principes\/wp-json\/wp\/v2\/posts\/13405\/revisions\/13414"}],"wp:featuredmedia":[{"embeddable":true,"href":"https:\/\/principesdeparis.es\/principes\/wp-json\/wp\/v2\/media\/13406"}],"wp:attachment":[{"href":"https:\/\/principesdeparis.es\/principes\/wp-json\/wp\/v2\/media?parent=13405"}],"wp:term":[{"taxonomy":"category","embeddable":true,"href":"https:\/\/principesdeparis.es\/principes\/wp-json\/wp\/v2\/categories?post=13405"},{"taxonomy":"post_tag","embeddable":true,"href":"https:\/\/principesdeparis.es\/principes\/wp-json\/wp\/v2\/tags?post=13405"}],"curies":[{"name":"wp","href":"https:\/\/api.w.org\/{rel}","templated":true}]}}