{"id":13408,"date":"2023-11-24T13:58:38","date_gmt":"2023-11-24T13:58:38","guid":{"rendered":"https:\/\/principesdeparis.es\/principes\/?p=13408"},"modified":"2023-11-24T13:58:38","modified_gmt":"2023-11-24T13:58:38","slug":"la-baja-de-azon-deja-a-velazquez-sin-ataque-titular","status":"publish","type":"post","link":"https:\/\/principesdeparis.es\/principes\/la-baja-de-azon-deja-a-velazquez-sin-ataque-titular\/","title":{"rendered":"La baja de Az\u00f3n deja a Vel\u00e1zquez sin ataque titular"},"content":{"rendered":"<p>El delantero del Real Zaragoza no ha entrado en la lista de citados para el partido de ma\u00f1ana en el Carlos Belmonte como consecuencia de una sobrecarga muscular, por lo que Julio Vel\u00e1zquez se encuentra con el primer obst\u00e1culo importante antes de su debut frente al Albacete. El ariete, quejado por unas molestias, no ha trabajado con el resto de sus compa\u00f1eros en el ensayo de esta ma\u00f1ana y el entrenador ha decidido no incluirle en la lista. La baja de Az\u00f3n se une a la de Bakis, es decir a los dos atacantes habituales en la <em><strong>era Escrib\u00e1. <\/strong><\/em>S\u00f3lo queda Sergi Enrich, titular ante el Huesca. como alternativa para jugar en la posici\u00f3n de <em>9 <\/em>si es que Vel\u00e1zquez no opta por otra estructura ofensiva en la que no apareca un ariete natural.<\/p>\n","protected":false},"excerpt":{"rendered":"<p>El delantero del Real Zaragoza no ha entrado en la lista de citados para el partido de ma\u00f1ana en el Carlos Belmonte como consecuencia de una sobrecarga muscular, por lo que Julio Vel\u00e1zquez se encuentra con el primer obst\u00e1culo importante antes de su debut frente al Albacete. El ariete, quejado <a class=\"read-more\" href=\"https:\/\/principesdeparis.es\/principes\/la-baja-de-azon-deja-a-velazquez-sin-ataque-titular\/\">Sigue leyendo<\/a><\/p>\n","protected":false},"author":2,"featured_media":13409,"comment_status":"open","ping_status":"open","sticky":false,"template":"","format":"standard","meta":{"footnotes":""},"categories":[13,1],"tags":[],"class_list":["post-13408","post","type-post","status-publish","format-standard","has-post-thumbnail","hentry","category-publicidad","category-real-zaragoza"],"_links":{"self":[{"href":"https:\/\/principesdeparis.es\/principes\/wp-json\/wp\/v2\/posts\/13408","targetHints":{"allow":["GET"]}}],"collection":[{"href":"https:\/\/principesdeparis.es\/principes\/wp-json\/wp\/v2\/posts"}],"about":[{"href":"https:\/\/principesdeparis.es\/principes\/wp-json\/wp\/v2\/types\/post"}],"author":[{"embeddable":true,"href":"https:\/\/principesdeparis.es\/principes\/wp-json\/wp\/v2\/users\/2"}],"replies":[{"embeddable":true,"href":"https:\/\/principesdeparis.es\/principes\/wp-json\/wp\/v2\/comments?post=13408"}],"version-history":[{"count":1,"href":"https:\/\/principesdeparis.es\/principes\/wp-json\/wp\/v2\/posts\/13408\/revisions"}],"predecessor-version":[{"id":13410,"href":"https:\/\/principesdeparis.es\/principes\/wp-json\/wp\/v2\/posts\/13408\/revisions\/13410"}],"wp:featuredmedia":[{"embeddable":true,"href":"https:\/\/principesdeparis.es\/principes\/wp-json\/wp\/v2\/media\/13409"}],"wp:attachment":[{"href":"https:\/\/principesdeparis.es\/principes\/wp-json\/wp\/v2\/media?parent=13408"}],"wp:term":[{"taxonomy":"category","embeddable":true,"href":"https:\/\/principesdeparis.es\/principes\/wp-json\/wp\/v2\/categories?post=13408"},{"taxonomy":"post_tag","embeddable":true,"href":"https:\/\/principesdeparis.es\/principes\/wp-json\/wp\/v2\/tags?post=13408"}],"curies":[{"name":"wp","href":"https:\/\/api.w.org\/{rel}","templated":true}]}}