{"id":13471,"date":"2023-11-28T19:05:15","date_gmt":"2023-11-28T19:05:15","guid":{"rendered":"https:\/\/principesdeparis.es\/principes\/?p=13471"},"modified":"2023-11-28T19:05:15","modified_gmt":"2023-11-28T19:05:15","slug":"mollejo-sufre-una-fractura-nasal","status":"publish","type":"post","link":"https:\/\/principesdeparis.es\/principes\/mollejo-sufre-una-fractura-nasal\/","title":{"rendered":"Mollejo sufre una fractura nasal"},"content":{"rendered":"<p style=\"text-align: left;\">V\u00edctor Mollejo, en un lance fortuito durante el entrenamiento de esta ma\u00f1ana, ha sufrido un traumatismo nasal que le ha ocasionado una fractura de los huesos propios, por lo que precisar\u00e1 el uso de una m\u00e1scara durante las pr\u00f3ximas semanas.<\/p>\n<p>El jugador, de acuerdo con los servicios m\u00e9dicos del club y tras ser valorado por el Dr. Jorge Alfaro, Jefe de Servicio de la Unidad de Otorrinolaringolog\u00eda en el Hospital Quironsalud de Zaragoza, ha optado por el tratamiento conservador en este momento y la intervenci\u00f3n en un segundo tiempo al final de temporada.<\/p>\n","protected":false},"excerpt":{"rendered":"<p>V\u00edctor Mollejo, en un lance fortuito durante el entrenamiento de esta ma\u00f1ana, ha sufrido un traumatismo nasal que le ha ocasionado una fractura de los huesos propios, por lo que precisar\u00e1 el uso de una m\u00e1scara durante las pr\u00f3ximas semanas. El jugador, de acuerdo con los servicios m\u00e9dicos del club <a class=\"read-more\" href=\"https:\/\/principesdeparis.es\/principes\/mollejo-sufre-una-fractura-nasal\/\">Sigue leyendo<\/a><\/p>\n","protected":false},"author":2,"featured_media":13472,"comment_status":"open","ping_status":"open","sticky":false,"template":"","format":"standard","meta":{"footnotes":""},"categories":[13,1],"tags":[],"class_list":["post-13471","post","type-post","status-publish","format-standard","has-post-thumbnail","hentry","category-publicidad","category-real-zaragoza"],"_links":{"self":[{"href":"https:\/\/principesdeparis.es\/principes\/wp-json\/wp\/v2\/posts\/13471","targetHints":{"allow":["GET"]}}],"collection":[{"href":"https:\/\/principesdeparis.es\/principes\/wp-json\/wp\/v2\/posts"}],"about":[{"href":"https:\/\/principesdeparis.es\/principes\/wp-json\/wp\/v2\/types\/post"}],"author":[{"embeddable":true,"href":"https:\/\/principesdeparis.es\/principes\/wp-json\/wp\/v2\/users\/2"}],"replies":[{"embeddable":true,"href":"https:\/\/principesdeparis.es\/principes\/wp-json\/wp\/v2\/comments?post=13471"}],"version-history":[{"count":1,"href":"https:\/\/principesdeparis.es\/principes\/wp-json\/wp\/v2\/posts\/13471\/revisions"}],"predecessor-version":[{"id":13473,"href":"https:\/\/principesdeparis.es\/principes\/wp-json\/wp\/v2\/posts\/13471\/revisions\/13473"}],"wp:featuredmedia":[{"embeddable":true,"href":"https:\/\/principesdeparis.es\/principes\/wp-json\/wp\/v2\/media\/13472"}],"wp:attachment":[{"href":"https:\/\/principesdeparis.es\/principes\/wp-json\/wp\/v2\/media?parent=13471"}],"wp:term":[{"taxonomy":"category","embeddable":true,"href":"https:\/\/principesdeparis.es\/principes\/wp-json\/wp\/v2\/categories?post=13471"},{"taxonomy":"post_tag","embeddable":true,"href":"https:\/\/principesdeparis.es\/principes\/wp-json\/wp\/v2\/tags?post=13471"}],"curies":[{"name":"wp","href":"https:\/\/api.w.org\/{rel}","templated":true}]}}