{"id":13477,"date":"2023-11-29T17:01:09","date_gmt":"2023-11-29T17:01:09","guid":{"rendered":"https:\/\/principesdeparis.es\/principes\/?p=13477"},"modified":"2023-11-29T17:01:09","modified_gmt":"2023-11-29T17:01:09","slug":"el-germen-de-los-fracasos-73-partidos-sin-un-gol-del-9-elegido","status":"publish","type":"post","link":"https:\/\/principesdeparis.es\/principes\/el-germen-de-los-fracasos-73-partidos-sin-un-gol-del-9-elegido\/","title":{"rendered":"El germen de los fracasos: 73 partidos sin un gol del &#8216;9&#8217; elegido"},"content":{"rendered":"<p style=\"text-align: center;\"><em><strong>El \u00faltimo tanto del delantero escogido como referencia ofensiva data de la jornada 28 de la temporada 2021-2022, cuando \u00c1lvaro Gim\u00e9nez marc\u00f3 la diana de la victoria frente al Las Palmas<\/strong><\/em><\/p>\n<p>El Real Zaragoza va camino de cumplir dos temporadas completas sin que marque alguno de los delanteros elegidos como referencia ofensiva. El \u00faltimo que lo hizo, hace 73 partidos, fue \u00c1lvaro Gim\u00e9nez en la jornada 28 del ejercicio 2021-2022, cuando a la salida de un c\u00f3rner caz\u00f3 un bal\u00f3n que supon\u00eda el triunfo del conjunto aragon\u00e9s minutos despu\u00e9s de que Maikel Mesa hubiese igualado el tanto inicial de Grau. El punta, cedido por el C\u00e1diz, s\u00f3lo acerto en cinco ocasiones ese a\u00f1o. Desde entonces, Iv\u00e1n Az\u00f3n, un genuino producto de la cantera, es el \u00fanico ariete que ha visto puerta: siete dianas ese mismo curso, tres el pasado y dos en el actual.<\/p>\n<p>Se buscan diagn\u00f3sticos de todas las formas y colores a lo que era un crisis y ahora es una desastre en toda regla cuyos peligros aumentan a cada jornada, pero hay uno que por simple reaparece como clave entre tantas preguntas sin aparentes respuestas. Una vez m\u00e1s, la apuesta por un goleador ha sido un fiasco. Sinan Bakis, ahora en la enfermer\u00eda por meniscopat\u00eda en su rodilla y sin fecha de regreso mientras se somete a un tratamiento conservador, se lesion\u00f3 en un entrenamiento despu\u00e9s de haber participado en diez partidos con su cuenta realizadora a cero. Un mill\u00f3n de euros brutos a la basura salvo que el turco vuelva como un tiro, lo que parece improbable porque su biograf\u00eda deportiva nunca ha sido la de un gran depredador.<\/p>\n<p>Una vez que Luis Su\u00e1rez desapareci\u00f3 de regreso al Watford sin que se pudiera gestionar su presencia en el playoff de ascenso del equipo que dirig\u00eda V\u00edctor Fern\u00e1ndez, las diferentes direcciones deportivas no han dado una a derechas con la selecci\u00f3n del futbolista encargado de capitanear el ataque zaragocista. Lalo Arantegui derrap\u00f3 con Gabriel Fern\u00e1ndez y Haris Vu\u010dki\u0107, incapaces de conseguir un solo gol, mientras que Miguel Torrecilla se llen\u00f3 de gloria con \u00c1lex Alegr\u00eda, protagonista de la victoria ante el Tenerife y de quien ya nunca m\u00e1s se supo en las celebraciones. En su primer proyecto completo, el genio de las pomadas eligi\u00f3 a \u00c1lvaro Gim\u00e9nez&#8230; Luego protagoniz\u00f3 una bochornosa operaci\u00f3n con el Legan\u00e9s en la contrataci\u00f3n de Sabin Merino, que se qued\u00f3 en blanco y a\u00fan pertenece a la n\u00f3mina del club.<\/p>\n<p>La no menos turbadora decisi\u00f3n de Ra\u00fal Sanlleh\u00ed en su estreno como director general de renovar el contrato de Torecilla trajo aparejado el sombr\u00edo fichaje de Pape Gueye, un armario senegal\u00e9s que hizo todo lo posible para no adaptarse al equipo y a quien ni JIM ni Escrib\u00e1, pese a sus esfuerzos, lograron exprimir la m\u00ednima gota futbol\u00edstica. A la porter\u00eda contraria ni se acerc\u00f3 en los cinco encuentros de Liga que jug\u00f3 o estuvo. Este curso hab\u00eda que acertar, y Juan Carlos Cordero at\u00f3 en corto a Sinan Bakis con una jugosa oferta econ\u00f3mica y temporal de tres temporadas. El delantero que ha marcado ha sido Iv\u00e1n Az\u00f3n, en un par de ocasiones, para un Real Zaragoza que en los \u00faltimos cuatro encuentros no ha firmado un solo tanto. El germen de los fracasos de nuevo floreciendo en oto\u00f1o.<\/p>\n","protected":false},"excerpt":{"rendered":"<p>El \u00faltimo tanto del delantero escogido como referencia ofensiva data de la jornada 28 de la temporada 2021-2022, cuando \u00c1lvaro Gim\u00e9nez marc\u00f3 la diana de la victoria frente al Las Palmas El Real Zaragoza va camino de cumplir dos temporadas completas sin que marque alguno de los delanteros elegidos como <a class=\"read-more\" href=\"https:\/\/principesdeparis.es\/principes\/el-germen-de-los-fracasos-73-partidos-sin-un-gol-del-9-elegido\/\">Sigue leyendo<\/a><\/p>\n","protected":false},"author":2,"featured_media":13478,"comment_status":"open","ping_status":"open","sticky":false,"template":"","format":"standard","meta":{"footnotes":""},"categories":[13,1],"tags":[],"class_list":["post-13477","post","type-post","status-publish","format-standard","has-post-thumbnail","hentry","category-publicidad","category-real-zaragoza"],"_links":{"self":[{"href":"https:\/\/principesdeparis.es\/principes\/wp-json\/wp\/v2\/posts\/13477","targetHints":{"allow":["GET"]}}],"collection":[{"href":"https:\/\/principesdeparis.es\/principes\/wp-json\/wp\/v2\/posts"}],"about":[{"href":"https:\/\/principesdeparis.es\/principes\/wp-json\/wp\/v2\/types\/post"}],"author":[{"embeddable":true,"href":"https:\/\/principesdeparis.es\/principes\/wp-json\/wp\/v2\/users\/2"}],"replies":[{"embeddable":true,"href":"https:\/\/principesdeparis.es\/principes\/wp-json\/wp\/v2\/comments?post=13477"}],"version-history":[{"count":1,"href":"https:\/\/principesdeparis.es\/principes\/wp-json\/wp\/v2\/posts\/13477\/revisions"}],"predecessor-version":[{"id":13479,"href":"https:\/\/principesdeparis.es\/principes\/wp-json\/wp\/v2\/posts\/13477\/revisions\/13479"}],"wp:featuredmedia":[{"embeddable":true,"href":"https:\/\/principesdeparis.es\/principes\/wp-json\/wp\/v2\/media\/13478"}],"wp:attachment":[{"href":"https:\/\/principesdeparis.es\/principes\/wp-json\/wp\/v2\/media?parent=13477"}],"wp:term":[{"taxonomy":"category","embeddable":true,"href":"https:\/\/principesdeparis.es\/principes\/wp-json\/wp\/v2\/categories?post=13477"},{"taxonomy":"post_tag","embeddable":true,"href":"https:\/\/principesdeparis.es\/principes\/wp-json\/wp\/v2\/tags?post=13477"}],"curies":[{"name":"wp","href":"https:\/\/api.w.org\/{rel}","templated":true}]}}