{"id":13483,"date":"2023-12-01T13:37:17","date_gmt":"2023-12-01T13:37:17","guid":{"rendered":"https:\/\/principesdeparis.es\/principes\/?p=13483"},"modified":"2023-12-01T13:37:17","modified_gmt":"2023-12-01T13:37:17","slug":"ganar-el-unico-antidoto-contra-el-miedo","status":"publish","type":"post","link":"https:\/\/principesdeparis.es\/principes\/ganar-el-unico-antidoto-contra-el-miedo\/","title":{"rendered":"Ganar, el \u00fanico ant\u00eddoto contra el miedo"},"content":{"rendered":"<p><strong>Trabajo en el debut en casa:<\/strong> \u00abNos encontramos en plena competici\u00f3n y ahora, en base a las circunstancias que rodean al equipo, nuestra responsabilidad es generar las intenciones y hallar las herramientas sobre la marcha para ser competitivos. Intentamos optimizar lo mejor posible el tiempo de trabajo que hemos tenido\u00bb.<\/p>\n<p><strong>Qu\u00e9 equipo quiere:<\/strong> \u00abEntramos ya con la temporada empezada. No es s\u00f3lo lo que queramos, sino lo en base a los perfiles y circunstancias podemos ser. Me gustar\u00eda que fu\u00e9ramos reconocibles y competitivos. Estoy muy contento con el trabajo. Contra el Legan\u00e9s afrontamos el partido con mucha ilusi\u00f3n, en nuestra casa, con la afici\u00f3n y en un escenario id\u00edlico. Ser\u00eda maravilloso ganar los tres puntos y tener buenas sensaciones para seguir construyendo\u00bb.<\/p>\n<p><strong>Qu\u00e9 se debe mejorar:<\/strong> \u00abEra una obviedad lo de Albacete. El an\u00e1lisis fue muy claro. No estuvimos bien de principio a fin, pero supimos aguantar el empate hasta los \u00faltimos minutos e incluso pudimos llevarnos la victorias con las ocasiones de Bermejo y Valera. No fuimos merecedores de vencer. Ahora hemos tenido m\u00e1s tiempo para trabajar porque el Legan\u00e9s no tiene nada que ver con el Albacete&#8230; Tenemos que ser un equipo competitivo, que sea dif\u00edcil de ganar tanto de local como de visitante. El otro d\u00eda hubo cosas que no me gustaron, como llegar tarde a los duelos divididos, a las segundas acciones. Situaciones b\u00e1sicas que no nos podemos permitir\u00bb.<\/p>\n<p><strong>Enfermer\u00eda:<\/strong> \u00abCuando llegamos ya hab\u00eda lesionados y el n\u00famero ha aumentado. En cualquier equipo del mundo cuando pierdes jugadores es un d\u00e9ficit porque pierdes recursos. Dicho esto, acontece en todas partes y s\u00f3lo nos queda buscar soluciones. Hay que afrontarlo desde una perspectiva positiva porque es incontrolable. No podemos desgastarnos en el problema sino focalizarnos en las soluciones para ganar ma\u00f1ana, que es nuestro objetivo\u00bb.<\/p>\n<p><strong>Ocho jornadas sin ganar, bloqueo:<\/strong> \u00abEn momentos complejos los estados de \u00e1nimo est\u00e1n en una situaci\u00f3n delicada. Hay cierto bloqueo, y, por qu\u00e9 no decirlo, miedo. Nosotros tenemos que darles el contexto adecuado para que se manifiesten de la mejor manera posible. El equipo empez\u00f3 muy bien y entr\u00f3 en una fase complicada. Tienen su l\u00f3gica esas dudas. Pero estoy completamente seguro de que vamos a girar y a mejorar. Lo que da la vuelta a todo esto es ganar. El rendimiento pasa por conseguir puntos y lo que termina por desbloquear. En el camino estamos nosotros para ser inteligentes. La gente es muy respetuosa, tanto la ciudad como la afici\u00f3n, y lo inteligente es apoyarnos. Entre todos somos much\u00edsimos m\u00e1s fuertes. El objetivo es que generemos de fuera a dentro\u00bb.<\/p>\n<p><strong>Tres centrales:<\/strong> \u00abNo soy un entrenador de estructura fija. Haremos lo que mejor ayude a los jugadores y al equipo. Lo importante es la ocupaci\u00f3n de los espacios y c\u00f3mo dinamizas el sistema. No voy a cambiar por cambiar, pero me adapto a todas las circunstancias\u00bb.<\/p>\n<p><strong>Falta mucho:<\/strong> \u00abEl equipo no est\u00e1 redondo, est\u00e1 claro. Estamos en el camino y estoy muy satisfecho y disfrutando. No somos a d\u00eda de hoy lo que pretendemos ser empezando por el trabajo diario y la responsabilidad. Hay que darle forma a todo eso y se consolida con los resultados por encima de todo\u00bb.<\/p>\n<p><strong>La delantera y el filial:<\/strong> \u00abPara m\u00ed el ataque es la globalidad del equipo. El crecimiento tiene que nacer de la honestidad y la objetividad en el an\u00e1lisis. No atacamos bien desde el entrenador. El otro d\u00eda el volumen ofensivo no fue el que queremos que sea. En cuanto a los chicos del filial, pero no hacerlo por hacerlo porque equivocas al jugador y a su entorno y hay que hacer las cosas con sentido com\u00fan. Est\u00e1 de enhorabuena el trabajo de la academia. Est\u00e1n para sumar, no para rellenar. Hay chicos muy interesantes sin que nos marquemos plazos\u00bb.<\/p>\n<p><strong>Cristian:<\/strong> \u00abVolver\u00e1 cuando no se asuman riesgos absurdos porque ya hubo una reca\u00edda. Este tipo de lesiones hay que observarlas d\u00eda a d\u00eda. Es un pilar en este club y lo sabemos\u00bb.<\/p>\n<p><strong>Qu\u00e9 ambiente espera:<\/strong> \u00abLo afront\u00f3 con una ilusi\u00f3n brutal y orgulloso. El estadio estar\u00e1 con much\u00edsima gente, pero la exigencia debe nacer en nosotros. Ser\u00eda el hombre m\u00e1s feliz del mundo con la victoria\u00bb.<\/p>\n","protected":false},"excerpt":{"rendered":"<p>Trabajo en el debut en casa: \u00abNos encontramos en plena competici\u00f3n y ahora, en base a las circunstancias que rodean al equipo, nuestra responsabilidad es generar las intenciones y hallar las herramientas sobre la marcha para ser competitivos. Intentamos optimizar lo mejor posible el tiempo de trabajo que hemos tenido\u00bb. <a class=\"read-more\" href=\"https:\/\/principesdeparis.es\/principes\/ganar-el-unico-antidoto-contra-el-miedo\/\">Sigue leyendo<\/a><\/p>\n","protected":false},"author":2,"featured_media":13485,"comment_status":"open","ping_status":"open","sticky":false,"template":"","format":"standard","meta":{"footnotes":""},"categories":[13,1],"tags":[],"class_list":["post-13483","post","type-post","status-publish","format-standard","has-post-thumbnail","hentry","category-publicidad","category-real-zaragoza"],"_links":{"self":[{"href":"https:\/\/principesdeparis.es\/principes\/wp-json\/wp\/v2\/posts\/13483","targetHints":{"allow":["GET"]}}],"collection":[{"href":"https:\/\/principesdeparis.es\/principes\/wp-json\/wp\/v2\/posts"}],"about":[{"href":"https:\/\/principesdeparis.es\/principes\/wp-json\/wp\/v2\/types\/post"}],"author":[{"embeddable":true,"href":"https:\/\/principesdeparis.es\/principes\/wp-json\/wp\/v2\/users\/2"}],"replies":[{"embeddable":true,"href":"https:\/\/principesdeparis.es\/principes\/wp-json\/wp\/v2\/comments?post=13483"}],"version-history":[{"count":2,"href":"https:\/\/principesdeparis.es\/principes\/wp-json\/wp\/v2\/posts\/13483\/revisions"}],"predecessor-version":[{"id":13486,"href":"https:\/\/principesdeparis.es\/principes\/wp-json\/wp\/v2\/posts\/13483\/revisions\/13486"}],"wp:featuredmedia":[{"embeddable":true,"href":"https:\/\/principesdeparis.es\/principes\/wp-json\/wp\/v2\/media\/13485"}],"wp:attachment":[{"href":"https:\/\/principesdeparis.es\/principes\/wp-json\/wp\/v2\/media?parent=13483"}],"wp:term":[{"taxonomy":"category","embeddable":true,"href":"https:\/\/principesdeparis.es\/principes\/wp-json\/wp\/v2\/categories?post=13483"},{"taxonomy":"post_tag","embeddable":true,"href":"https:\/\/principesdeparis.es\/principes\/wp-json\/wp\/v2\/tags?post=13483"}],"curies":[{"name":"wp","href":"https:\/\/api.w.org\/{rel}","templated":true}]}}