{"id":13490,"date":"2023-12-02T14:30:43","date_gmt":"2023-12-02T14:30:43","guid":{"rendered":"https:\/\/principesdeparis.es\/principes\/?p=13490"},"modified":"2023-12-02T14:33:13","modified_gmt":"2023-12-02T14:33:13","slug":"record-de-canteranos-en-la-convocatoria","status":"publish","type":"post","link":"https:\/\/principesdeparis.es\/principes\/record-de-canteranos-en-la-convocatoria\/","title":{"rendered":"R\u00e9cord de canteranos en la convocatoria"},"content":{"rendered":"<p>Las necesidades, lesionados y sancionado, han hecho que Julio Vel\u00e1zquez haya tenido que recurrir a lo grande a la cantera para completar la citaci\u00f3n para el encuentro de esta tarde contra el Legan\u00e9s. Para su debut en La Romareda, el t\u00e9cnico salmantino, con las bajas de Cristian, Nieto, Lecoeuche, Az\u00f3n y Bakis y el segundo partido de castigo que cumple Llu\u00eds L\u00f3pez, ha confeccionado una convocatoria de 23 futbolistas de los que 10 han pertenecido o pertenecen a la f\u00e1brica del Real Zaragoza, lo que supone un r\u00e9cord en el actual curso. Esta temporada, el anterior entrenador, Fran Escrib\u00e1, cont\u00f3 para formar las diferentes listas de los partidos con 9 jugadores de la casa frente Huesca, Elche y Oviedo, pero hoy la cantidad alcanza la decena.<strong> Ac\u00edn, Borge, Franc\u00e9s, Aguado, Francho, Luna, Sebasti\u00e1n, Vaquero, Cuenca<\/strong> y <strong>Pau Sans<\/strong> son los representantes de la Ciudad Deportiva en la visita del Legan\u00e9s en un encuentro vital para el Real Zaragoza, que necesita la victoria para reencontrase consigo mismo, con la victoria y con un p\u00fablico que no le ve ganar en directo desde el 3 de septiembre, hace tres meses y seis partidos, cuando se impuso al Eldense.<\/p>\n<blockquote class=\"twitter-tweet\">\n<p lang=\"es\" dir=\"ltr\"> Estos son los convocados por Julio Vel\u00e1zquez para el <a href=\"https:\/\/twitter.com\/hashtag\/RealZaragozaLegan%C3%A9s?src=hash&amp;ref_src=twsrc%5Etfw\">#RealZaragozaLegan\u00e9s<\/a><\/p>\n<p>\u00a1  ! &#x26bd;<a href=\"https:\/\/twitter.com\/hashtag\/DefendiendoAlLe%C3%B3n?src=hash&amp;ref_src=twsrc%5Etfw\">#DefendiendoAlLe\u00f3n<\/a>  <a href=\"https:\/\/t.co\/zocz7i3VJ4\">pic.twitter.com\/zocz7i3VJ4<\/a><\/p>\n<p>&mdash; Real Zaragoza  (@RealZaragoza) <a href=\"https:\/\/twitter.com\/RealZaragoza\/status\/1730930448979697974?ref_src=twsrc%5Etfw\">December 2, 2023<\/a><\/p><\/blockquote>\n<p> <script async src=\"https:\/\/platform.twitter.com\/widgets.js\" charset=\"utf-8\"><\/script><\/p>\n","protected":false},"excerpt":{"rendered":"<p>Las necesidades, lesionados y sancionado, han hecho que Julio Vel\u00e1zquez haya tenido que recurrir a lo grande a la cantera para completar la citaci\u00f3n para el encuentro de esta tarde contra el Legan\u00e9s. Para su debut en La Romareda, el t\u00e9cnico salmantino, con las bajas de Cristian, Nieto, Lecoeuche, Az\u00f3n <a class=\"read-more\" href=\"https:\/\/principesdeparis.es\/principes\/record-de-canteranos-en-la-convocatoria\/\">Sigue leyendo<\/a><\/p>\n","protected":false},"author":2,"featured_media":13491,"comment_status":"open","ping_status":"open","sticky":false,"template":"","format":"standard","meta":{"footnotes":""},"categories":[13,1],"tags":[],"class_list":["post-13490","post","type-post","status-publish","format-standard","has-post-thumbnail","hentry","category-publicidad","category-real-zaragoza"],"_links":{"self":[{"href":"https:\/\/principesdeparis.es\/principes\/wp-json\/wp\/v2\/posts\/13490","targetHints":{"allow":["GET"]}}],"collection":[{"href":"https:\/\/principesdeparis.es\/principes\/wp-json\/wp\/v2\/posts"}],"about":[{"href":"https:\/\/principesdeparis.es\/principes\/wp-json\/wp\/v2\/types\/post"}],"author":[{"embeddable":true,"href":"https:\/\/principesdeparis.es\/principes\/wp-json\/wp\/v2\/users\/2"}],"replies":[{"embeddable":true,"href":"https:\/\/principesdeparis.es\/principes\/wp-json\/wp\/v2\/comments?post=13490"}],"version-history":[{"count":2,"href":"https:\/\/principesdeparis.es\/principes\/wp-json\/wp\/v2\/posts\/13490\/revisions"}],"predecessor-version":[{"id":13493,"href":"https:\/\/principesdeparis.es\/principes\/wp-json\/wp\/v2\/posts\/13490\/revisions\/13493"}],"wp:featuredmedia":[{"embeddable":true,"href":"https:\/\/principesdeparis.es\/principes\/wp-json\/wp\/v2\/media\/13491"}],"wp:attachment":[{"href":"https:\/\/principesdeparis.es\/principes\/wp-json\/wp\/v2\/media?parent=13490"}],"wp:term":[{"taxonomy":"category","embeddable":true,"href":"https:\/\/principesdeparis.es\/principes\/wp-json\/wp\/v2\/categories?post=13490"},{"taxonomy":"post_tag","embeddable":true,"href":"https:\/\/principesdeparis.es\/principes\/wp-json\/wp\/v2\/tags?post=13490"}],"curies":[{"name":"wp","href":"https:\/\/api.w.org\/{rel}","templated":true}]}}