{"id":13494,"date":"2023-12-02T16:39:59","date_gmt":"2023-12-02T16:39:59","guid":{"rendered":"https:\/\/principesdeparis.es\/principes\/?p=13494"},"modified":"2023-12-02T17:09:07","modified_gmt":"2023-12-02T17:09:07","slug":"con-frances-de-lateral","status":"publish","type":"post","link":"https:\/\/principesdeparis.es\/principes\/con-frances-de-lateral\/","title":{"rendered":"Con Franc\u00e9s de lateral"},"content":{"rendered":"<p>La presencia de tres centrales en la alineaci\u00f3n no significa que el Real Zaragoza vaya a jugar con un\u00a0 sistema de cinco contra el l\u00edder Legan\u00e9s. Julio Vel\u00e1zquez, en su debut en La Romareda, ha incluido en la defensa al central canterano, Mouri\u00f1o y Jair, pero el resto del once indica que posiblemente Franc\u00e9s act\u00fae en una de las bandas, quiz\u00e1s en la derecha con\u00a0 Fran G\u00e1mez en la izquierda. En el caso de que se decantara por un 1-5-3-3, Francho y Valera se antojan de carrirelos. El entrenador introduce, adem\u00e1s de la entrada del zaguero uruguayo, un par de cambios m\u00e1s con el regreso de Valera y Toni Moya. La configuraci\u00f3n, a la espera de la confirmaci\u00f3n oficial sobre el c\u00e9sped, ser\u00eda Rebollo, Franc\u00e9s, Mouri\u00f1o, Jair, G\u00e1mez, Aguado, Toni Moya, Francho, Valera, Mesa y Mollejo en un 1-4-4-2.<\/p>\n<p>Al final Borge, habitual relevo de G\u00e1mez y Lecoeuche, el franc\u00e9s en la enfermer\u00eda, se queda fuera, al igual que el frente de ataque que protagonizaron en Albacete Manu Vallejo y Sergi Enrich, quien pese a ser el \u00fanico ariete natural se cae por su pobre rendimiento hasta la fecha cuando ha sido requerido para la titularidad. Vel\u00e1zquez entrega el futbol ofensivo a Mesa y Mollejo, que tendr\u00e1n por detr\u00e1s una l\u00ednea de cuatro con Aguado y Toni Moya en el doble pivote y Francho y Valera en los costados. La intenci\u00f3n con este dibujo es que el equipo adquiera profundidad por las orillas y mantenga el control y las posiciones por el interior, adem\u00e1s de un mayor control del bal\u00f3n en detrimento del habitual e infructuoso juego directo.<\/p>\n<p>El Legan\u00e9s tambi\u00e9n introduce tres variaciones en relaci\u00f3n sus \u00faltima partido contra el Racing de Ferrol. Undabarrena, Chicco y Diego Garc\u00eda entran en lugar de Arambarri, Portillo y Djouahra para intentar mantener su comportamiento como visitante, el mejor de la categor\u00eda. Enfrente, un Real Zaragoza obligado una vez m\u00e1s a a sumar los tres puntos, algo que no ha conseguido en las \u00faltimas ocho jornadas con un desplome monumental tanto a domicilio como en casa.<\/p>\n<p>La alineaci\u00f3n del Legan\u00e9s<\/p>\n<blockquote class=\"twitter-tweet\">\n<p dir=\"ltr\" lang=\"es\">&#x1f952;&#x1f952;&#x1f952; ALINEACI\u00d3N &#x1f952; &#x1f952;&#x1f952;<\/p>\n<p>&#x1f4aa;&#x1f4aa;&#x1f4aa;&#x1f4aa;&#x1f4aa;&#x1f4aa;&#x1f4aa;<a href=\"https:\/\/twitter.com\/hashtag\/RealZaragozaLegan%C3%A9s?src=hash&amp;ref_src=twsrc%5Etfw\">#RealZaragozaLegan\u00e9s<\/a> <a href=\"https:\/\/twitter.com\/hashtag\/VamosLega?src=hash&amp;ref_src=twsrc%5Etfw\">#VamosLega<\/a> <a href=\"https:\/\/t.co\/F5GbLjST7u\">pic.twitter.com\/F5GbLjST7u<\/a><\/p>\n<p>\u2014 C.D. Legan\u00e9s (@CDLeganes) <a href=\"https:\/\/twitter.com\/CDLeganes\/status\/1730986590204289253?ref_src=twsrc%5Etfw\">December 2, 2023<\/a><\/p><\/blockquote>\n<p><script async src=\"https:\/\/platform.twitter.com\/widgets.js\" charset=\"utf-8\"><\/script><\/p>\n","protected":false},"excerpt":{"rendered":"<p>La presencia de tres centrales en la alineaci\u00f3n no significa que el Real Zaragoza vaya a jugar con un\u00a0 sistema de cinco contra el l\u00edder Legan\u00e9s. Julio Vel\u00e1zquez, en su debut en La Romareda, ha incluido en la defensa al central canterano, Mouri\u00f1o y Jair, pero el resto del once <a class=\"read-more\" href=\"https:\/\/principesdeparis.es\/principes\/con-frances-de-lateral\/\">Sigue leyendo<\/a><\/p>\n","protected":false},"author":2,"featured_media":13495,"comment_status":"open","ping_status":"open","sticky":false,"template":"","format":"standard","meta":{"footnotes":""},"categories":[13,1],"tags":[],"class_list":["post-13494","post","type-post","status-publish","format-standard","has-post-thumbnail","hentry","category-publicidad","category-real-zaragoza"],"_links":{"self":[{"href":"https:\/\/principesdeparis.es\/principes\/wp-json\/wp\/v2\/posts\/13494","targetHints":{"allow":["GET"]}}],"collection":[{"href":"https:\/\/principesdeparis.es\/principes\/wp-json\/wp\/v2\/posts"}],"about":[{"href":"https:\/\/principesdeparis.es\/principes\/wp-json\/wp\/v2\/types\/post"}],"author":[{"embeddable":true,"href":"https:\/\/principesdeparis.es\/principes\/wp-json\/wp\/v2\/users\/2"}],"replies":[{"embeddable":true,"href":"https:\/\/principesdeparis.es\/principes\/wp-json\/wp\/v2\/comments?post=13494"}],"version-history":[{"count":10,"href":"https:\/\/principesdeparis.es\/principes\/wp-json\/wp\/v2\/posts\/13494\/revisions"}],"predecessor-version":[{"id":13505,"href":"https:\/\/principesdeparis.es\/principes\/wp-json\/wp\/v2\/posts\/13494\/revisions\/13505"}],"wp:featuredmedia":[{"embeddable":true,"href":"https:\/\/principesdeparis.es\/principes\/wp-json\/wp\/v2\/media\/13495"}],"wp:attachment":[{"href":"https:\/\/principesdeparis.es\/principes\/wp-json\/wp\/v2\/media?parent=13494"}],"wp:term":[{"taxonomy":"category","embeddable":true,"href":"https:\/\/principesdeparis.es\/principes\/wp-json\/wp\/v2\/categories?post=13494"},{"taxonomy":"post_tag","embeddable":true,"href":"https:\/\/principesdeparis.es\/principes\/wp-json\/wp\/v2\/tags?post=13494"}],"curies":[{"name":"wp","href":"https:\/\/api.w.org\/{rel}","templated":true}]}}