{"id":13526,"date":"2023-12-05T17:04:26","date_gmt":"2023-12-05T17:04:26","guid":{"rendered":"https:\/\/principesdeparis.es\/principes\/?p=13526"},"modified":"2023-12-05T17:04:26","modified_gmt":"2023-12-05T17:04:26","slug":"cuanto-mas-joven-mejor","status":"publish","type":"post","link":"https:\/\/principesdeparis.es\/principes\/cuanto-mas-joven-mejor\/","title":{"rendered":"Cuanto m\u00e1s joven, mejor"},"content":{"rendered":"<p style=\"text-align: center;\"><em><strong>Los tres playoffs disputados por el Real Zaragoza en estas diez temporadas arrojan la media de edad m\u00e1s baja en sus alineaciones<\/strong><\/em><\/p>\n<p>El pasado fin de semana en la victoria contra el Legan\u00e9s, el Real Zaragoza form\u00f3 con un once inicial con una media de edad de 25 a\u00f1os. J<strong>air (34), Mesa (32)<\/strong> y <strong>G\u00e1mez (32)<\/strong> superan la treintena, mientras que por abajo <strong>Franc\u00e9s, Mouri\u00f1o, Valera <\/strong>y<strong> Francho<\/strong> coinciden en la franja de los 21. Fue una de alineaciones, tambi\u00e9n con <strong>Mollejo (22), Aguado (23), Rebollo (24) <\/strong>y<strong> Moya (25)<\/strong>, con menos edad en lo que va de curso junto a la que present\u00f3 el anterior entrenador, <strong>Fran Escrib\u00e1<\/strong>, frente al Oviedo. No est\u00e1 demostrado que el \u00e9xito puntual o a medio-largo plazo est\u00e9 relacionado con este dato, pero en el conjunto aragon\u00e9s s\u00ed existe un paralelismo con sus tres mejores clasificaciones en las diez temporadas de condena por Segunda Divisi\u00f3n. El actual ejercicio, con 17 jornadas disputadas y a la cabeza de la competici\u00f3n con 28 jugadores utilizados, el conjunto aragon\u00e9s arroja un ratio global de 26,4, por encima de las ocasiones en las que se meti\u00f3 en promoci\u00f3n de ascenso.<\/p>\n<p>En la primera oportunidad que se que se col\u00f3 entre los seis primeros, en la campa\u00f1a <strong>2013-2014, lo hizo con la edad media m\u00e1s baja de esta d\u00e9cada en sus alineaciones, 24,7<\/strong>, que alcanz\u00f3 su cuota m\u00e1s baja (23,3) en la 1\u00aa jornada de la competici\u00f3n en Huelva, donde <strong>V\u00edctor Mu\u00f1oz, antecesor de Ranko Popovic<\/strong>, acudi\u00f3 con los puesto de una plantilla a\u00fan sin hacer en manos de <strong>Mart\u00edn Gonz\u00e1lez<\/strong>. All\u00ed debutaron Jes\u00fas Vallejo, quien con 17 a\u00f1os se hizo imprescindible, y los ef\u00edmeros <strong>Adan P\u00e9rez (25) <\/strong>y<strong> David Mu\u00f1oz<\/strong> (17). <strong>Whalley (20), Fern\u00e1ndez (25) Diego Rico (21), Cabrera (23), Mario (32), Vallejo (17), Dorca (32), Galarreta (21), Eldin (23), Bast\u00f3n (22), Pedro (28), Bono (23), William Jos\u00e9 (23), \u00c1lamo (26), Basha (24), Jaime Romero (24)<\/strong> y <strong>Rub\u00e9n (32)<\/strong> fueron los futbolistas m\u00e1s utilizados por ambos entrenadores. El milagro de<strong> Natxo Gonz\u00e1lez<\/strong> en la 2017-2018 se fragu\u00f3 en un once con 26 a\u00f1os de media, el tercero m\u00e1s tierno de los 22 clubes participantes. Sobre la estructura de <strong>Cristian \u00c1lvarez (32), Benito (25), Verdasca (21), Grippo (24), Mikel Gonz\u00e1lez (32), Zapater (32) Eguaras (25), Febas (21), Borja Iglesias (24), Pombo (23), Toquero (33), Ra\u00fal Guti (21), Javi Ros (27), Lasure (23) y Delm\u00e1s<\/strong> (22), el t\u00e9cnico vitoriano forj\u00f3 equipos equilibrados que le condujeron a competir por el ascenso en la frustrada eliminatoria ante el Numancia.<\/p>\n<p><strong>V\u00edctor Fern\u00e1ndez<\/strong>, en la campa\u00f1a 2019-2020, construy\u00f3 alienaciones sobre una media de 25,6 a\u00f1os de edad. Cont\u00f3 para situar tercero al Real Zaragoza y caer con el Elche en el pen\u00faltimo pelda\u00f1o de la escalera para subir a Primera con un equipo inicial donde sus principales protagonistas fueron <strong>Cristian \u00c1lvarez (34), Vigaray (25), (Nieto (23), Atienza (29), Clemente (20), Guti (23), Eguaras (27), Kagawa (30), Igbekeme (24), Luis Su\u00e1rez (22), Soro (20), Puado (21), Delm\u00e1s (24), Guitian (29)<\/strong> y <strong>El Yamiq (27)<\/strong>. Existen m\u00faltiples factores, entre ellos el talento adquirido al margen de lo que indique el DNI, para conseguir un objetivo ambicioso, pero en el caso del Real Zaragoza se da la circunstancia que cuando m\u00e1s cerca ha estado de la gloria, ha sido en la convergencia de veteranos con jugadores determinantes por su calidad y juventud que han sido muy influyentes en un momento concreto. Como por ejemplo Vallejo, Cabrera, Bono, William Jos\u00e9, Eldin, Galarreta, Febas, Borja Iglesias, Guti, Lasure, Delm\u00e1s, Clemente, Luis Su\u00e1rez, Soro o Puado.<\/p>\n","protected":false},"excerpt":{"rendered":"<p>Los tres playoffs disputados por el Real Zaragoza en estas diez temporadas arrojan la media de edad m\u00e1s baja en sus alineaciones El pasado fin de semana en la victoria contra el Legan\u00e9s, el Real Zaragoza form\u00f3 con un once inicial con una media de edad de 25 a\u00f1os. Jair <a class=\"read-more\" href=\"https:\/\/principesdeparis.es\/principes\/cuanto-mas-joven-mejor\/\">Sigue leyendo<\/a><\/p>\n","protected":false},"author":2,"featured_media":13527,"comment_status":"open","ping_status":"open","sticky":false,"template":"","format":"standard","meta":{"footnotes":""},"categories":[13,1],"tags":[],"class_list":["post-13526","post","type-post","status-publish","format-standard","has-post-thumbnail","hentry","category-publicidad","category-real-zaragoza"],"_links":{"self":[{"href":"https:\/\/principesdeparis.es\/principes\/wp-json\/wp\/v2\/posts\/13526","targetHints":{"allow":["GET"]}}],"collection":[{"href":"https:\/\/principesdeparis.es\/principes\/wp-json\/wp\/v2\/posts"}],"about":[{"href":"https:\/\/principesdeparis.es\/principes\/wp-json\/wp\/v2\/types\/post"}],"author":[{"embeddable":true,"href":"https:\/\/principesdeparis.es\/principes\/wp-json\/wp\/v2\/users\/2"}],"replies":[{"embeddable":true,"href":"https:\/\/principesdeparis.es\/principes\/wp-json\/wp\/v2\/comments?post=13526"}],"version-history":[{"count":1,"href":"https:\/\/principesdeparis.es\/principes\/wp-json\/wp\/v2\/posts\/13526\/revisions"}],"predecessor-version":[{"id":13528,"href":"https:\/\/principesdeparis.es\/principes\/wp-json\/wp\/v2\/posts\/13526\/revisions\/13528"}],"wp:featuredmedia":[{"embeddable":true,"href":"https:\/\/principesdeparis.es\/principes\/wp-json\/wp\/v2\/media\/13527"}],"wp:attachment":[{"href":"https:\/\/principesdeparis.es\/principes\/wp-json\/wp\/v2\/media?parent=13526"}],"wp:term":[{"taxonomy":"category","embeddable":true,"href":"https:\/\/principesdeparis.es\/principes\/wp-json\/wp\/v2\/categories?post=13526"},{"taxonomy":"post_tag","embeddable":true,"href":"https:\/\/principesdeparis.es\/principes\/wp-json\/wp\/v2\/tags?post=13526"}],"curies":[{"name":"wp","href":"https:\/\/api.w.org\/{rel}","templated":true}]}}