{"id":13580,"date":"2023-12-11T14:37:30","date_gmt":"2023-12-11T14:37:30","guid":{"rendered":"https:\/\/principesdeparis.es\/principes\/?p=13580"},"modified":"2023-12-11T14:38:31","modified_gmt":"2023-12-11T14:38:31","slug":"velazquez-tiene-dos-problemas-muy-serios","status":"publish","type":"post","link":"https:\/\/principesdeparis.es\/principes\/velazquez-tiene-dos-problemas-muy-serios\/","title":{"rendered":"Vel\u00e1zquez tiene dos problemas muy serios"},"content":{"rendered":"<p style=\"text-align: center;\"><em><strong>La pobreza goleadora, s\u00f3lo empeorada por los cuatro equipos en descenso y con Bakis y Az\u00f3n sin fecha de regreso, y el socav\u00f3n en el lateral izquierdo amenazan la notable reacci\u00f3n de un Real Zaragoza que necesita de nuevo a Cordero<\/strong><\/em><\/p>\n<p>Con la victoria sobre el Legan\u00e9s y el empate con el Espanyol, el Real Zaragoza ha encontrado un paraca\u00eddas an\u00edmico y deportivo. Tambi\u00e9n la esperanza de que al final de la temporada regular pueda aterrizar en la tierra prometida de la promoci\u00f3n, sensaci\u00f3n que tendr\u00e1 argumentos m\u00e1s solidos si vence a Amorebieta y Levante en los dos \u00faltimos partidos de la primera vuelta y suma 32 puntos, la mitad de la media establecida para conseguirlo. Julio Vel\u00e1zquez ha activado los mecanismos para competir y lo ha hecho con una lectura perfecta de las necesidades puntuales y de lo que puede aportar cada jugador incluso en labores y posiciones que no le son familiares. Su plan ha funcionado por pr\u00e1ctico y eficaz, pero en ese estupendo giro estrat\u00e9gico hacia la homogeneidad y el esp\u00edritu defensivo en todos los terrenos subyacen una buena idea y tambi\u00e9n un estado de emergencia: sin delanteros y sin gol y sin laterales izquierdos, la apuesta por los tres centrales, los carrileros y por la sociedad atacante con m\u00e1s punter\u00eda de la plantilla se queda corta a largo plazo si el objetivo es acabar entre los seis primeros.<\/p>\n<p>Maikel Mesa marc\u00f3 el tanto de la victoria ante el l\u00edder y Manu Vallejo, saliendo desde el banquillo, estableci\u00f3 la igualada en Cornell\u00e1-El Prat frente a un rival con diez. Se puso fin a una racha de cuatro encuentros sin ver puerta. El Real Zaragoza es otro, sin duda m\u00e1s agresivo y tenaz, pero ese carro de combate construido y pilotado por Vel\u00e1zquez sigue acusando un grav\u00edsimo defecto de fabrica que le hace muy vulnerable, el mismo de las anteriores y ag\u00f3nicas campa\u00f1as. La inversi\u00f3n en Bakis, en la enfermer\u00eda, ha resultado un fiasco muy caro y Az\u00f3n, tambi\u00e9n lesionado, se ha estancado en su progresi\u00f3n, lo que condiciona al equipo y a un entrenador que no puede estirar eternamente el 1-5-3-2 por muy flexible que sea porque el campeonato le pedir\u00e1 un mayor surtido t\u00e1ctico y un goleador puntual. Aun confiando en que el turco y el canterano pudieran volver iluminados, los servicios m\u00e9dicos no se aventuran a poner fecha a sus regresos, una se\u00f1al que enciende todav\u00eda m\u00e1s las alarmas en este sentido. Sergi Enrich ya se ha visto que da lo justo y en el prometedor Pau Sans hay poca fe como para entregarle galones de titular.<\/p>\n<p>\u200fEl Real Zaragoza lleva 18 dianas en 19 jornadas. Ni una por partido, una cifra que, salvo majestuoso aprovechamiento de los tantos con un candado defensivo indescifrable para los adversarios, va a dejarle en tierra de nadie por muy bien que haga el resto de los deberes. Ahora mismo es el quinto conjunto menos realizador de la categor\u00eda, s\u00f3lo por encima de los cuatro que ocupan puestos de descenso, Huesca, Cartagena, Amorebieta y Alcorc\u00f3n. Juan Carlos Cordero tiene la opci\u00f3n de esperar la cura de Bakis y Az\u00f3n, o de uno de los dos, o atacar con todo lo que pueda el mercado de invierno que se abre el 2 de enero para buscar una soluci\u00f3n. La plantilla reclama de nuevo a un director deportivo que recibi\u00f3 una lluvia de elogios en verano y que, como el equipo, est\u00e1 a medio camino de si los merece o no.<\/p>\n<p>Adem\u00e1s del gol, Cordero tiene otra v\u00eda abierta y no es menor. La baja de Nieto por lo que resta de curso y la fragilidad f\u00edsica de Lecoeuche han provocado un seismo que se contuvo con la correcta aportaci\u00f3n de Borge y que ha derivado en la conclusi\u00f3n de Vel\u00e1zquez de a\u00f1adir a Mouri\u00f1o a Jair y Franc\u00e9s para formar una defensa en su opini\u00f3n m\u00e1s equilibrada que soportar\u00e1 el resto del nuevo armaz\u00f3n. Contra el el Espanyol fue muy aplaudida, y con raz\u00f3n, su valent\u00eda de entregar a Francho esa posici\u00f3n cuando tuvo que cambiar el sistema en superioridad num\u00e9rica. El entrenador salmantino desvel\u00f3 asimismo que desconfia de otra posible elecci\u00f3n y que necesita cuanto antes un futbolista que le cubra con garant\u00edas y docencia el carril zurdo y que le abra el abanico de otros dibujos. Vel\u00e1zquez, que ha conseguido la complicada misi\u00f3n de abrir el paraca\u00eddas, tiene todav\u00eda dos problemas muy serios que deben atender y resolver Sanllehi y Cordero si quieren remediar de verdad los errores de c\u00e1lculo que cometieron con Fran Escrib\u00e1.<\/p>\n","protected":false},"excerpt":{"rendered":"<p>La pobreza goleadora, s\u00f3lo empeorada por los cuatro equipos en descenso y con Bakis y Az\u00f3n sin fecha de regreso, y el socav\u00f3n en el lateral izquierdo amenazan la notable reacci\u00f3n de un Real Zaragoza que necesita de nuevo a Cordero Con la victoria sobre el Legan\u00e9s y el empate <a class=\"read-more\" href=\"https:\/\/principesdeparis.es\/principes\/velazquez-tiene-dos-problemas-muy-serios\/\">Sigue leyendo<\/a><\/p>\n","protected":false},"author":2,"featured_media":13581,"comment_status":"open","ping_status":"open","sticky":false,"template":"","format":"standard","meta":{"footnotes":""},"categories":[13,1],"tags":[],"class_list":["post-13580","post","type-post","status-publish","format-standard","has-post-thumbnail","hentry","category-publicidad","category-real-zaragoza"],"_links":{"self":[{"href":"https:\/\/principesdeparis.es\/principes\/wp-json\/wp\/v2\/posts\/13580","targetHints":{"allow":["GET"]}}],"collection":[{"href":"https:\/\/principesdeparis.es\/principes\/wp-json\/wp\/v2\/posts"}],"about":[{"href":"https:\/\/principesdeparis.es\/principes\/wp-json\/wp\/v2\/types\/post"}],"author":[{"embeddable":true,"href":"https:\/\/principesdeparis.es\/principes\/wp-json\/wp\/v2\/users\/2"}],"replies":[{"embeddable":true,"href":"https:\/\/principesdeparis.es\/principes\/wp-json\/wp\/v2\/comments?post=13580"}],"version-history":[{"count":2,"href":"https:\/\/principesdeparis.es\/principes\/wp-json\/wp\/v2\/posts\/13580\/revisions"}],"predecessor-version":[{"id":13583,"href":"https:\/\/principesdeparis.es\/principes\/wp-json\/wp\/v2\/posts\/13580\/revisions\/13583"}],"wp:featuredmedia":[{"embeddable":true,"href":"https:\/\/principesdeparis.es\/principes\/wp-json\/wp\/v2\/media\/13581"}],"wp:attachment":[{"href":"https:\/\/principesdeparis.es\/principes\/wp-json\/wp\/v2\/media?parent=13580"}],"wp:term":[{"taxonomy":"category","embeddable":true,"href":"https:\/\/principesdeparis.es\/principes\/wp-json\/wp\/v2\/categories?post=13580"},{"taxonomy":"post_tag","embeddable":true,"href":"https:\/\/principesdeparis.es\/principes\/wp-json\/wp\/v2\/tags?post=13580"}],"curies":[{"name":"wp","href":"https:\/\/api.w.org\/{rel}","templated":true}]}}