{"id":13663,"date":"2023-12-20T17:00:44","date_gmt":"2023-12-20T17:00:44","guid":{"rendered":"https:\/\/principesdeparis.es\/principes\/?p=13663"},"modified":"2023-12-20T17:25:57","modified_gmt":"2023-12-20T17:25:57","slug":"grau-por-aguado-y-el-mismo-sistema","status":"publish","type":"post","link":"https:\/\/principesdeparis.es\/principes\/grau-por-aguado-y-el-mismo-sistema\/","title":{"rendered":"Grau por Aguado y el mismo sistema"},"content":{"rendered":"<p>Cuatro partidos despu\u00e9s y por primera vez con Julio Vel\u00e1zquez, Marc Aguado deja de ser titular para dejar su puesto a Jaume Grau en una alineaci\u00f3n en la que no se registran m\u00e1s cambio en los nombres ni el sistema, el 1-5-3-2 que utilizar\u00e1 el t\u00e9cnico salmantino por cuarto encuentro consecutivo. La salida del canterano frente al Levante se debe a un proceso febril que ha sufrido el futbolista a lo largo de al semana y del que se ha recuperado aunque no con las suficientes garant\u00edas como para salir de principio.<\/p>\n<p><strong>La alineaci\u00f3n del Levante<\/strong><\/p>\n<blockquote class=\"twitter-tweet\">\n<p dir=\"ltr\" lang=\"es\">ALINEACI\u00d3N | As\u00ed salimos &#x1f44a;&#x1f3fb;<a href=\"https:\/\/twitter.com\/hashtag\/RealZaragozaLevante?src=hash&amp;ref_src=twsrc%5Etfw\">#RealZaragozaLevante<\/a> &#x1f51b; <a href=\"https:\/\/t.co\/My2NYm4bos\">pic.twitter.com\/My2NYm4bos<\/a><\/p>\n<p>\u2014 Levante UD (@LevanteUD) <a href=\"https:\/\/twitter.com\/LevanteUD\/status\/1737518200047149141?ref_src=twsrc%5Etfw\">December 20, 2023<\/a><\/p><\/blockquote>\n<p><script async src=\"https:\/\/platform.twitter.com\/widgets.js\" charset=\"utf-8\"><\/script><\/p>\n","protected":false},"excerpt":{"rendered":"<p>Cuatro partidos despu\u00e9s y por primera vez con Julio Vel\u00e1zquez, Marc Aguado deja de ser titular para dejar su puesto a Jaume Grau en una alineaci\u00f3n en la que no se registran m\u00e1s cambio en los nombres ni el sistema, el 1-5-3-2 que utilizar\u00e1 el t\u00e9cnico salmantino por cuarto encuentro <a class=\"read-more\" href=\"https:\/\/principesdeparis.es\/principes\/grau-por-aguado-y-el-mismo-sistema\/\">Sigue leyendo<\/a><\/p>\n","protected":false},"author":2,"featured_media":13664,"comment_status":"open","ping_status":"open","sticky":false,"template":"","format":"standard","meta":{"footnotes":""},"categories":[13,1],"tags":[],"class_list":["post-13663","post","type-post","status-publish","format-standard","has-post-thumbnail","hentry","category-publicidad","category-real-zaragoza"],"_links":{"self":[{"href":"https:\/\/principesdeparis.es\/principes\/wp-json\/wp\/v2\/posts\/13663","targetHints":{"allow":["GET"]}}],"collection":[{"href":"https:\/\/principesdeparis.es\/principes\/wp-json\/wp\/v2\/posts"}],"about":[{"href":"https:\/\/principesdeparis.es\/principes\/wp-json\/wp\/v2\/types\/post"}],"author":[{"embeddable":true,"href":"https:\/\/principesdeparis.es\/principes\/wp-json\/wp\/v2\/users\/2"}],"replies":[{"embeddable":true,"href":"https:\/\/principesdeparis.es\/principes\/wp-json\/wp\/v2\/comments?post=13663"}],"version-history":[{"count":8,"href":"https:\/\/principesdeparis.es\/principes\/wp-json\/wp\/v2\/posts\/13663\/revisions"}],"predecessor-version":[{"id":13672,"href":"https:\/\/principesdeparis.es\/principes\/wp-json\/wp\/v2\/posts\/13663\/revisions\/13672"}],"wp:featuredmedia":[{"embeddable":true,"href":"https:\/\/principesdeparis.es\/principes\/wp-json\/wp\/v2\/media\/13664"}],"wp:attachment":[{"href":"https:\/\/principesdeparis.es\/principes\/wp-json\/wp\/v2\/media?parent=13663"}],"wp:term":[{"taxonomy":"category","embeddable":true,"href":"https:\/\/principesdeparis.es\/principes\/wp-json\/wp\/v2\/categories?post=13663"},{"taxonomy":"post_tag","embeddable":true,"href":"https:\/\/principesdeparis.es\/principes\/wp-json\/wp\/v2\/tags?post=13663"}],"curies":[{"name":"wp","href":"https:\/\/api.w.org\/{rel}","templated":true}]}}