{"id":13683,"date":"2023-12-21T09:09:35","date_gmt":"2023-12-21T09:09:35","guid":{"rendered":"https:\/\/principesdeparis.es\/principes\/?p=13683"},"modified":"2023-12-21T09:09:35","modified_gmt":"2023-12-21T09:09:35","slug":"los-estadios-de-mi-vida","status":"publish","type":"post","link":"https:\/\/principesdeparis.es\/principes\/los-estadios-de-mi-vida\/","title":{"rendered":"Los estadios de mi vida"},"content":{"rendered":"<p>Recuerdo mi debut en el ya abandonado estadio de la Uni\u00f3n Deportiva Las Palmas para transmitir el partido desde all\u00ed. Me pareci\u00f3 desde fuera un edificio de viviendas pero me emocion\u00f3 entrar en la cabina de radio y saber que mi voz iba a ser trasladada a Zaragoza por cable submarino. Era la primera vez que volaba a las islas Canarias, que paseaba por las calles llenas de tiendas y compraba a un precio imposible en la pen\u00ednsula. Y volv\u00ed a ver a Roque Olsen, que fue dos veces entrenador del Real Zaragoza con los \u00abMagn\u00edficos\u00bb y cuatro del equipo insular, donde se retir\u00f3. Tambi\u00e9n echo de menos el viejo campo de Atocha en el que hab\u00eda que subir a una torreta para acceder a la zona de cabinas y desde el que se lanzaba un cohete cuando marcaba el equipo visitante y dos la Real Sociedad, para que los pescadores supieran el instante del gol. \u00bfQui\u00e9n se lo imagina ahora?<\/p>\n<p>En Riazor vi jugar por primera vez a Johan Cruyff y con una c\u00e1mara de mano, en blanco y negro y sin sonido, grab\u00e9 su primera expulsi\u00f3n en Espa\u00f1a antes de comenzar la Liga cuando Augusto C\u00e9sar Lendoiro todav\u00eda era presidente del Club Liceo de hockey sobre patines que lleg\u00f3 a ser campe\u00f3n del mundo. El Pasar\u00f3n lo conoc\u00ed en 2007, ya reformado, en un partido de Copa del Rey que perdi\u00f3 el Real Zaragoza por 1-0. Me viene a la cabeza el locutor Fuentes Mora cuando Vicente Marco le daba paso en los a\u00f1os sesenta en Carrusel y me imaginaba un escenario en blanco y negro en la otra parte de Espa\u00f1a. Equipo al que record\u00e9 cuando lleg\u00f3 Junquera a la porter\u00eda blanquilla por un titular en un peri\u00f3dico deportivo: \u00abNo hubo junqueradas en el Pasar\u00f3n\u00bb. Fue triste el \u00faltimo partido que vi del Real Zaragoza en Sarri\u00e1 antes de su demolici\u00f3n, en la decadencia blanquilla tras la Recopa, 3-0 en diciembre de 1996.<\/p>\n<p>Y pienso todo esto cuando se confirma que la Romareda ser\u00e1 convertida en otro estadio diferente, como ya pasara antes del Mundial de 1982 y los Juegos Ol\u00edmpicos de 1992. Una transformaci\u00f3n necesaria aunque siempre tenga en la memoria, cuando no me llegaban los pies al suelo sentado en el reducido palco de prensa all\u00e1 por 1965, con un mont\u00f3n de hombres con sombrero y fumando enormes puros en las gradas.<\/p>\n","protected":false},"excerpt":{"rendered":"<p>Recuerdo mi debut en el ya abandonado estadio de la Uni\u00f3n Deportiva Las Palmas para transmitir el partido desde all\u00ed. Me pareci\u00f3 desde fuera un edificio de viviendas pero me emocion\u00f3 entrar en la cabina de radio y saber que mi voz iba a ser trasladada a Zaragoza por cable <a class=\"read-more\" href=\"https:\/\/principesdeparis.es\/principes\/los-estadios-de-mi-vida\/\">Sigue leyendo<\/a><\/p>\n","protected":false},"author":2,"featured_media":13604,"comment_status":"open","ping_status":"open","sticky":false,"template":"","format":"standard","meta":{"footnotes":""},"categories":[16,13],"tags":[],"class_list":["post-13683","post","type-post","status-publish","format-standard","has-post-thumbnail","hentry","category-el10","category-publicidad"],"_links":{"self":[{"href":"https:\/\/principesdeparis.es\/principes\/wp-json\/wp\/v2\/posts\/13683","targetHints":{"allow":["GET"]}}],"collection":[{"href":"https:\/\/principesdeparis.es\/principes\/wp-json\/wp\/v2\/posts"}],"about":[{"href":"https:\/\/principesdeparis.es\/principes\/wp-json\/wp\/v2\/types\/post"}],"author":[{"embeddable":true,"href":"https:\/\/principesdeparis.es\/principes\/wp-json\/wp\/v2\/users\/2"}],"replies":[{"embeddable":true,"href":"https:\/\/principesdeparis.es\/principes\/wp-json\/wp\/v2\/comments?post=13683"}],"version-history":[{"count":1,"href":"https:\/\/principesdeparis.es\/principes\/wp-json\/wp\/v2\/posts\/13683\/revisions"}],"predecessor-version":[{"id":13684,"href":"https:\/\/principesdeparis.es\/principes\/wp-json\/wp\/v2\/posts\/13683\/revisions\/13684"}],"wp:featuredmedia":[{"embeddable":true,"href":"https:\/\/principesdeparis.es\/principes\/wp-json\/wp\/v2\/media\/13604"}],"wp:attachment":[{"href":"https:\/\/principesdeparis.es\/principes\/wp-json\/wp\/v2\/media?parent=13683"}],"wp:term":[{"taxonomy":"category","embeddable":true,"href":"https:\/\/principesdeparis.es\/principes\/wp-json\/wp\/v2\/categories?post=13683"},{"taxonomy":"post_tag","embeddable":true,"href":"https:\/\/principesdeparis.es\/principes\/wp-json\/wp\/v2\/tags?post=13683"}],"curies":[{"name":"wp","href":"https:\/\/api.w.org\/{rel}","templated":true}]}}