{"id":13688,"date":"2023-12-21T19:51:04","date_gmt":"2023-12-21T19:51:04","guid":{"rendered":"https:\/\/principesdeparis.es\/principes\/?p=13688"},"modified":"2023-12-21T20:08:50","modified_gmt":"2023-12-21T20:08:50","slug":"valera-otra-victima-del-isquio","status":"publish","type":"post","link":"https:\/\/principesdeparis.es\/principes\/valera-otra-victima-del-isquio\/","title":{"rendered":"Valera, otra v\u00edctima del isquio"},"content":{"rendered":"<p>Germ\u00e1n Valera estar\u00e1 alrededor de un mes de baja al revelar las pruebas realizadas en la tarde de hoy\u00a0 que sufre una lesi\u00f3n muscular a nivel de la musculatura isquiosural de su pierna izquierda, una dolencia que ya ha afectado a varios jugadores zaragocistas esta temporada, en concreto a Nieto, Francho, Lecoeuche, G\u00e1mez y Cristian, estos \u00faltimos en un par de ocasiones, mientras que Toni Moya hizo frente a una contractura en esa zona.<\/p>\n<p>El extremo tuvo \u00a0que tuvo que ser sustituido en la segunda parte del partido (minuto 62) disputado ayer frente al Levante, concretamente tras perseguir a Fabricio para impedir sin \u00e9xito que el delantero brasile\u00f1o del conjunto granota, quien tambi\u00e9n fue v\u00edctima de la misma lesi\u00f3n, acortara distancias. El futbolista tiene por delante 24 d\u00edas antes de que se reanude la competici\u00f3n, por lo que es posible que s\u00f3lo se pierda el partido el primer encuentro de la segunda vuelta contra el Eldense.<\/p>\n<p>Valera se suma a una enfermer\u00eda en cuya lista de bajas\u00a0 a\u00fan figuran Nieto (para lo que resta de temporada), Cristian, Az\u00f3n, Lecoeuche y Bakis, estos sin que se haya desvelado por parte del cuerpo m\u00e9dico una fecha de regreso aproximada .<\/p>\n","protected":false},"excerpt":{"rendered":"<p>Germ\u00e1n Valera estar\u00e1 alrededor de un mes de baja al revelar las pruebas realizadas en la tarde de hoy\u00a0 que sufre una lesi\u00f3n muscular a nivel de la musculatura isquiosural de su pierna izquierda, una dolencia que ya ha afectado a varios jugadores zaragocistas esta temporada, en concreto a Nieto, <a class=\"read-more\" href=\"https:\/\/principesdeparis.es\/principes\/valera-otra-victima-del-isquio\/\">Sigue leyendo<\/a><\/p>\n","protected":false},"author":2,"featured_media":13689,"comment_status":"open","ping_status":"open","sticky":false,"template":"","format":"standard","meta":{"footnotes":""},"categories":[13,1],"tags":[],"class_list":["post-13688","post","type-post","status-publish","format-standard","has-post-thumbnail","hentry","category-publicidad","category-real-zaragoza"],"_links":{"self":[{"href":"https:\/\/principesdeparis.es\/principes\/wp-json\/wp\/v2\/posts\/13688","targetHints":{"allow":["GET"]}}],"collection":[{"href":"https:\/\/principesdeparis.es\/principes\/wp-json\/wp\/v2\/posts"}],"about":[{"href":"https:\/\/principesdeparis.es\/principes\/wp-json\/wp\/v2\/types\/post"}],"author":[{"embeddable":true,"href":"https:\/\/principesdeparis.es\/principes\/wp-json\/wp\/v2\/users\/2"}],"replies":[{"embeddable":true,"href":"https:\/\/principesdeparis.es\/principes\/wp-json\/wp\/v2\/comments?post=13688"}],"version-history":[{"count":8,"href":"https:\/\/principesdeparis.es\/principes\/wp-json\/wp\/v2\/posts\/13688\/revisions"}],"predecessor-version":[{"id":13697,"href":"https:\/\/principesdeparis.es\/principes\/wp-json\/wp\/v2\/posts\/13688\/revisions\/13697"}],"wp:featuredmedia":[{"embeddable":true,"href":"https:\/\/principesdeparis.es\/principes\/wp-json\/wp\/v2\/media\/13689"}],"wp:attachment":[{"href":"https:\/\/principesdeparis.es\/principes\/wp-json\/wp\/v2\/media?parent=13688"}],"wp:term":[{"taxonomy":"category","embeddable":true,"href":"https:\/\/principesdeparis.es\/principes\/wp-json\/wp\/v2\/categories?post=13688"},{"taxonomy":"post_tag","embeddable":true,"href":"https:\/\/principesdeparis.es\/principes\/wp-json\/wp\/v2\/tags?post=13688"}],"curies":[{"name":"wp","href":"https:\/\/api.w.org\/{rel}","templated":true}]}}