{"id":13728,"date":"2023-12-28T10:26:45","date_gmt":"2023-12-28T10:26:45","guid":{"rendered":"https:\/\/principesdeparis.es\/principes\/?p=13728"},"modified":"2023-12-28T10:26:45","modified_gmt":"2023-12-28T10:26:45","slug":"un-lastre-cada-vez-mas-pesado","status":"publish","type":"post","link":"https:\/\/principesdeparis.es\/principes\/un-lastre-cada-vez-mas-pesado\/","title":{"rendered":"Un lastre cada vez m\u00e1s pesado"},"content":{"rendered":"<p>Me da la impresi\u00f3n que el zaragocismo se ha tomado con tranquilidad el reposo del f\u00fatbol en Segunda Divisi\u00f3n con tres semanas de par\u00f3n obligado. La presencia de Jorge Mas en la asamblea de accionistas, en la inauguraci\u00f3n de la nueva tienda del Real Zaragoza en la calle Alfonso, la firma con Jorge Azc\u00f3n y Natalia Chueca de la sociedad Nueva Romareda, su presencia en el viejo coliseo y las declaraciones ofrecidas por el club a trav\u00e9s de sus redes sociales, favorecieron un aumento de intensidad y de adrenalina en los seguidores blanquillos. El presidente transmite confianza demostrando con la aportaci\u00f3n econ\u00f3mica de la propiedad su implicaci\u00f3n en el proyecto.<\/p>\n<p>Otra cosa son los resultados porque el \u00faltimo empate conseguido en casa fue tan desesperante como los puntos perdidos de la misma manera con Fran Escrib\u00e1. La victoria se entend\u00eda como un golpe de efecto de cara a subir posiciones en la tabla y merodear la sexta plaza pero los errores individuales y la falta de soluciones desde el banquillo tras el segundo gol del Levante cortaron de ra\u00edz el salto tan deseado. Hab\u00eda pasado poco tiempo del mal partido disputado en Lezama y que signific\u00f3 un frenazo a las aspiraciones de Julio Vel\u00e1zquez para mejorar sus n\u00fameros y todos d\u00e1bamos por hecho el triunfo ante los granotas.<\/p>\n<p>Ahora le toca la responsabilidad a Juan Carlos Cordero y a la recuperaci\u00f3n de los futbolistas lesionados. En este \u00faltimo caso no sabemos a qu\u00e9 atenernos porque solamente se han valorado plazos de manera sucinta y sin citar fechas concretas. Las diferentes maneras de jugar con el anterior entrenador y el actual descolocan la necesidad de algunos jugadores que parec\u00edan titulares durante la pretemporada. La escasez goleadora es tremenda y no se dispone de un punta de referencia capaz de marcar entre ocho y diez goles en la segunda vuelta. Es obvio que no existen tantas opciones de cesi\u00f3n o compra porque es el puesto m\u00e1s buscado pero est\u00e1 claro, como dijo el presidente Mas, que el objetivo es el ascenso y que nada proyectar\u00e1 m\u00e1s al club y a la ciudad que el regreso a la m\u00e1xima categor\u00eda con la construcci\u00f3n de un estadio en marcha, m\u00e1s de veintiocho mil abonados y la cicatrizaci\u00f3n de una herida que sigue sangrando desde la nefasta venta de Sol\u00e1ns a Iglesias y de \u00e9ste a la Fundaci\u00f3n, en un siglo XXI con un lastre cada vez m\u00e1s pesado.<\/p>\n","protected":false},"excerpt":{"rendered":"<p>Me da la impresi\u00f3n que el zaragocismo se ha tomado con tranquilidad el reposo del f\u00fatbol en Segunda Divisi\u00f3n con tres semanas de par\u00f3n obligado. La presencia de Jorge Mas en la asamblea de accionistas, en la inauguraci\u00f3n de la nueva tienda del Real Zaragoza en la calle Alfonso, la <a class=\"read-more\" href=\"https:\/\/principesdeparis.es\/principes\/un-lastre-cada-vez-mas-pesado\/\">Sigue leyendo<\/a><\/p>\n","protected":false},"author":3,"featured_media":13604,"comment_status":"open","ping_status":"open","sticky":false,"template":"","format":"standard","meta":{"footnotes":""},"categories":[16,13],"tags":[],"class_list":["post-13728","post","type-post","status-publish","format-standard","has-post-thumbnail","hentry","category-el10","category-publicidad"],"_links":{"self":[{"href":"https:\/\/principesdeparis.es\/principes\/wp-json\/wp\/v2\/posts\/13728","targetHints":{"allow":["GET"]}}],"collection":[{"href":"https:\/\/principesdeparis.es\/principes\/wp-json\/wp\/v2\/posts"}],"about":[{"href":"https:\/\/principesdeparis.es\/principes\/wp-json\/wp\/v2\/types\/post"}],"author":[{"embeddable":true,"href":"https:\/\/principesdeparis.es\/principes\/wp-json\/wp\/v2\/users\/3"}],"replies":[{"embeddable":true,"href":"https:\/\/principesdeparis.es\/principes\/wp-json\/wp\/v2\/comments?post=13728"}],"version-history":[{"count":1,"href":"https:\/\/principesdeparis.es\/principes\/wp-json\/wp\/v2\/posts\/13728\/revisions"}],"predecessor-version":[{"id":13729,"href":"https:\/\/principesdeparis.es\/principes\/wp-json\/wp\/v2\/posts\/13728\/revisions\/13729"}],"wp:featuredmedia":[{"embeddable":true,"href":"https:\/\/principesdeparis.es\/principes\/wp-json\/wp\/v2\/media\/13604"}],"wp:attachment":[{"href":"https:\/\/principesdeparis.es\/principes\/wp-json\/wp\/v2\/media?parent=13728"}],"wp:term":[{"taxonomy":"category","embeddable":true,"href":"https:\/\/principesdeparis.es\/principes\/wp-json\/wp\/v2\/categories?post=13728"},{"taxonomy":"post_tag","embeddable":true,"href":"https:\/\/principesdeparis.es\/principes\/wp-json\/wp\/v2\/tags?post=13728"}],"curies":[{"name":"wp","href":"https:\/\/api.w.org\/{rel}","templated":true}]}}