{"id":13730,"date":"2023-12-28T14:34:29","date_gmt":"2023-12-28T14:34:29","guid":{"rendered":"https:\/\/principesdeparis.es\/principes\/?p=13730"},"modified":"2023-12-28T14:38:16","modified_gmt":"2023-12-28T14:38:16","slug":"andres-borge-he-cumplido-un-sueno","status":"publish","type":"post","link":"https:\/\/principesdeparis.es\/principes\/andres-borge-he-cumplido-un-sueno\/","title":{"rendered":"Andr\u00e9s Borge: \u00abHe cumplido un sue\u00f1o\u00bb"},"content":{"rendered":"<p style=\"text-align: center;\"><em><strong>El Real Zaragoza activ\u00f3 una opci\u00f3n unilateral sobre el futbolista de la cantera y le renov\u00f3 contrato hasta 2027. con lo que ya es jugador de la primera plantilla a todos los efectos<\/strong><\/em><\/p>\n<p><strong>La renovaci\u00f3n hasta 2027:<\/strong> \u00abHe cumplido un sue\u00f1o. Es una noticia muy buena. En cuanto se hizo oficial, la primera que lo supo fue mi madre\u00bb.<\/p>\n<p><strong>Fe en s\u00ed mismo:<\/strong> \u00abAfront\u00e9 la pretemporada con la confianza de llegar al primer equipo y estar preparado por si se me reclamaba para el primer equipo. Siempre he confiado en que al final iba a tener esa oportunidad y la he aprovechado\u00bb.<\/p>\n<p><strong>La lesi\u00f3n:<\/strong> \u00abHay d\u00edas que puedes dudar, pero s\u00f3lo me centraba en la recuperaci\u00f3n. La cuesti\u00f3n es confiar en ti mismo\u00bb.<\/p>\n<p><strong>Defensa total:<\/strong> \u00abMe considero que soy buen defensor y lo dejo todo en el campo por el equipo\u00bb<\/p>\n<p><strong>Muchos canteranos<\/strong>: \u00abEso es un orgullo para todos y una motivaci\u00f3n para los chicos que ven a los que estamos llegando y que anima a creer que cualquiera puede hacerlo\u00bb.<\/p>\n<p><strong>El futuro:<\/strong> \u00abEl equipo no se pone un techo. Hay mucha ambici\u00f3n. Ahora tenemos muchos d\u00edas para preparar el primer partido de la segunda vuelta\u00bb<\/p>\n<p><strong>Vel\u00e1zquez:<\/strong> \u00abEl entrenador sabe que soy polivalente y cuanta conmigo para cualquier posici\u00f3n\u00bb.<\/p>\n<p><strong>Central:<\/strong> \u00abS\u00ed, estoy dispuesto a jugar en cualquier sitio y a hacerlo lo mejor posible\u00bb<\/p>\n","protected":false},"excerpt":{"rendered":"<p>El Real Zaragoza activ\u00f3 una opci\u00f3n unilateral sobre el futbolista de la cantera y le renov\u00f3 contrato hasta 2027. con lo que ya es jugador de la primera plantilla a todos los efectos La renovaci\u00f3n hasta 2027: \u00abHe cumplido un sue\u00f1o. Es una noticia muy buena. En cuanto se hizo <a class=\"read-more\" href=\"https:\/\/principesdeparis.es\/principes\/andres-borge-he-cumplido-un-sueno\/\">Sigue leyendo<\/a><\/p>\n","protected":false},"author":2,"featured_media":13731,"comment_status":"open","ping_status":"open","sticky":false,"template":"","format":"standard","meta":{"footnotes":""},"categories":[13,1],"tags":[],"class_list":["post-13730","post","type-post","status-publish","format-standard","has-post-thumbnail","hentry","category-publicidad","category-real-zaragoza"],"_links":{"self":[{"href":"https:\/\/principesdeparis.es\/principes\/wp-json\/wp\/v2\/posts\/13730","targetHints":{"allow":["GET"]}}],"collection":[{"href":"https:\/\/principesdeparis.es\/principes\/wp-json\/wp\/v2\/posts"}],"about":[{"href":"https:\/\/principesdeparis.es\/principes\/wp-json\/wp\/v2\/types\/post"}],"author":[{"embeddable":true,"href":"https:\/\/principesdeparis.es\/principes\/wp-json\/wp\/v2\/users\/2"}],"replies":[{"embeddable":true,"href":"https:\/\/principesdeparis.es\/principes\/wp-json\/wp\/v2\/comments?post=13730"}],"version-history":[{"count":3,"href":"https:\/\/principesdeparis.es\/principes\/wp-json\/wp\/v2\/posts\/13730\/revisions"}],"predecessor-version":[{"id":13734,"href":"https:\/\/principesdeparis.es\/principes\/wp-json\/wp\/v2\/posts\/13730\/revisions\/13734"}],"wp:featuredmedia":[{"embeddable":true,"href":"https:\/\/principesdeparis.es\/principes\/wp-json\/wp\/v2\/media\/13731"}],"wp:attachment":[{"href":"https:\/\/principesdeparis.es\/principes\/wp-json\/wp\/v2\/media?parent=13730"}],"wp:term":[{"taxonomy":"category","embeddable":true,"href":"https:\/\/principesdeparis.es\/principes\/wp-json\/wp\/v2\/categories?post=13730"},{"taxonomy":"post_tag","embeddable":true,"href":"https:\/\/principesdeparis.es\/principes\/wp-json\/wp\/v2\/tags?post=13730"}],"curies":[{"name":"wp","href":"https:\/\/api.w.org\/{rel}","templated":true}]}}