{"id":13743,"date":"2024-01-03T17:14:00","date_gmt":"2024-01-03T17:14:00","guid":{"rendered":"https:\/\/principesdeparis.es\/principes\/?p=13743"},"modified":"2024-01-03T17:23:59","modified_gmt":"2024-01-03T17:23:59","slug":"el-frio-mes-de-julio","status":"publish","type":"post","link":"https:\/\/principesdeparis.es\/principes\/el-frio-mes-de-julio\/","title":{"rendered":"El fr\u00edo mes de Julio"},"content":{"rendered":"<p style=\"text-align: center;\"><em><strong>El Real Zaragoza, en los cinco partidos con Vel\u00e1zquez, s\u00f3lo ha sumado m\u00e1s puntos que Eibar, Legan\u00e9s, Eldense y Amorebieta y ser\u00eda 15\u00ba, un puesto por debajo del que ocupa ahora, en ese tramo de la competici\u00f3n<\/strong><\/em><\/p>\n<p>Fran Escrib\u00e1 fue destituido tras el 0-2 con el Huesca en La Romareda, colof\u00f3n humillante a ocho jornadas consecutivas sin conocer la victoria y la eliminaci\u00f3n de Copa de por medio contra el Atzeneta de Tercera RFEF. El Real Zaragoza era 13\u00ba y hab\u00eda sumado el 45% de los puntos en juego. Cinco partidos despu\u00e9s, un mes con Julio Vel\u00e1zquez, el conjunto aragon\u00e9s es 14\u00ba y acumula el 40% de lo disputado. El triunfo frente al Legan\u00e9s fren\u00f3 en seco la ca\u00edda pero no ha servido como trampol\u00edn hacia una mejor\u00eda material pese a que en algunos momentos el equipo ha dejado huellas de una evoluci\u00f3n borrada por su aguda inconsistencia. Empat\u00f3 ante un Espanyol con diez, salv\u00f3 un punto con el Amorebieta y se dej\u00f3 igualar por el Levante tras dominar por 2-0 en el marcador, un desperdicio que ya hab\u00eda repetido en Gij\u00f3n y en la visita del Eibar al Municipal. Juan Carlos Cordero ha descubierto que la plantilla que construy\u00f3 no da de s\u00ed para postularse por una de las seis primeras plazas, y ya est\u00e1 peinando a fondo el mercado invernal para estimular una reacci\u00f3n.<\/p>\n<p>El ascenso, o su ilusi\u00f3n, se perdido en la gruesa niebla de oto\u00f1o. El director deportivo, sin embargo, se ha puesto a buscarlo en 2024. Habr\u00e1 que ver c\u00f3mo sale de esta curva despu\u00e9s de derrapar con su apuesta estival. Mientras el club, a trav\u00e9s de las declaraciones de Jorge Mas, mantiene que la promoci\u00f3n debe seguir entre las prioridades, la recta final de 2023 se queda atr\u00e1s como una seria amenaza de futuro si Cordero vuelve a desentonar en su trabajo. En las \u00faltimas cinco jornadas, el Real Zaragoza s\u00f3lo ha sumado m\u00e1s puntos (6) que Eibar (5), Legan\u00e9s (4), Eldense (3) y Amorebieta (1). En una hipot\u00e9tica clasificaci\u00f3n, ser\u00eda 15\u00ba, un puesto por debajo del que ocupa en la actualidad, empatado con Sporting y Huesca, ambos con mejor coeficiente goleador, Espanyol, Andorra, Valladolid y Alcorc\u00f3n. Este tramo se ha caracterizado por una tremenda convulsi\u00f3n en la categor\u00eda, protagonizada por los 10 puntos cosechados por el Racing de Ferrol, en plaza de ascenso directo, los 9 de Mirand\u00e9s, Racing de Santander y Burgos y los 8 de Oviedo, Levante y Tenerife. Pero sobre todo por la rebeli\u00f3n de equipos como Mirand\u00e9s (7), que invicto al igual que el Burgos ha superado en la tabla a los aragoneses junto a los castellanos, Albacete (7), Villarreal B (7), Cartagena (7) y Elche (7), todos ellos aumentando, en el caso de los iliciatanos, o acortando distancias por abajo con el Real Zaragoza.<\/p>\n<p>La situaci\u00f3n, por lo imprevisible del campeonato, requiere un salto cualitativo inmediato, traducido con urgencia en resultados. Eldense, Andorra y Alcorc\u00f3n ser\u00e1n los rivales en la apertura de la segunda vuelta, sin margen para ninguna confianza y con la necesidad de incorporaciones en todas las l\u00edneas que eleven el nivel de un grupo seriamente perjudicado por las lesiones y por la escasa productividad de la mayor\u00eda de los fichajes. Por arriba dudan los favoritos y por abajo se crecen las v\u00edctimas. A mitad de camino deambula un Real Zaragoza que despidi\u00f3 el a\u00f1o sin ganar ninguno de sus tres \u00faltimos compromisos. La era Vel\u00e1zquez, demasiado fr\u00eda por ahora en el mes que el t\u00e9cnico est\u00e1 al mando de las operaciones, pide a gritos un incremento del esp\u00edritu competitivo y de la constancia.<\/p>\n<p style=\"text-align: center;\"><strong>Clasificaci\u00f3n de las \u00faltimas cinco jornadas<\/strong><\/p>\n<p style=\"text-align: center;\">Racing de Ferrol 10<br \/>\nMirand\u00e9s 9<br \/>\nRacing 9<br \/>\nBurgos 9<br \/>\nOviedo 8<br \/>\nLevante 8<br \/>\nTenerife 8<br \/>\nAlbacete 7<br \/>\nVillarreal B 7<br \/>\nElche 7<br \/>\nCartagena 7<br \/>\nSporting 6 (+1)<br \/>\nHuesca 6 (+1)<br \/>\nEspanyol 6 (0)<br \/>\nReal Zaragoza 6 (0)<br \/>\nAndorra 6 (-1)<br \/>\nValladolid 6\u00a0 (-1)<br \/>\nAlcorc\u00f3n 6 -3<br \/>\nEibar 5<br \/>\nLegan\u00e9s 4<br \/>\nEldense 3<br \/>\nAmorebieta 1<\/p>\n<p style=\"text-align: center;\">*Entre par\u00e9ntesis, el coeficiente goleador en este tramo del campeonato<\/p>\n","protected":false},"excerpt":{"rendered":"<p>El Real Zaragoza, en los cinco partidos con Vel\u00e1zquez, s\u00f3lo ha sumado m\u00e1s puntos que Eibar, Legan\u00e9s, Eldense y Amorebieta y ser\u00eda 15\u00ba, un puesto por debajo del que ocupa ahora, en ese tramo de la competici\u00f3n Fran Escrib\u00e1 fue destituido tras el 0-2 con el Huesca en La Romareda, <a class=\"read-more\" href=\"https:\/\/principesdeparis.es\/principes\/el-frio-mes-de-julio\/\">Sigue leyendo<\/a><\/p>\n","protected":false},"author":2,"featured_media":13744,"comment_status":"open","ping_status":"open","sticky":false,"template":"","format":"standard","meta":{"footnotes":""},"categories":[13,1],"tags":[],"class_list":["post-13743","post","type-post","status-publish","format-standard","has-post-thumbnail","hentry","category-publicidad","category-real-zaragoza"],"_links":{"self":[{"href":"https:\/\/principesdeparis.es\/principes\/wp-json\/wp\/v2\/posts\/13743","targetHints":{"allow":["GET"]}}],"collection":[{"href":"https:\/\/principesdeparis.es\/principes\/wp-json\/wp\/v2\/posts"}],"about":[{"href":"https:\/\/principesdeparis.es\/principes\/wp-json\/wp\/v2\/types\/post"}],"author":[{"embeddable":true,"href":"https:\/\/principesdeparis.es\/principes\/wp-json\/wp\/v2\/users\/2"}],"replies":[{"embeddable":true,"href":"https:\/\/principesdeparis.es\/principes\/wp-json\/wp\/v2\/comments?post=13743"}],"version-history":[{"count":3,"href":"https:\/\/principesdeparis.es\/principes\/wp-json\/wp\/v2\/posts\/13743\/revisions"}],"predecessor-version":[{"id":13747,"href":"https:\/\/principesdeparis.es\/principes\/wp-json\/wp\/v2\/posts\/13743\/revisions\/13747"}],"wp:featuredmedia":[{"embeddable":true,"href":"https:\/\/principesdeparis.es\/principes\/wp-json\/wp\/v2\/media\/13744"}],"wp:attachment":[{"href":"https:\/\/principesdeparis.es\/principes\/wp-json\/wp\/v2\/media?parent=13743"}],"wp:term":[{"taxonomy":"category","embeddable":true,"href":"https:\/\/principesdeparis.es\/principes\/wp-json\/wp\/v2\/categories?post=13743"},{"taxonomy":"post_tag","embeddable":true,"href":"https:\/\/principesdeparis.es\/principes\/wp-json\/wp\/v2\/tags?post=13743"}],"curies":[{"name":"wp","href":"https:\/\/api.w.org\/{rel}","templated":true}]}}