{"id":13748,"date":"2024-01-04T09:02:39","date_gmt":"2024-01-04T09:02:39","guid":{"rendered":"https:\/\/principesdeparis.es\/principes\/?p=13748"},"modified":"2024-01-04T09:02:39","modified_gmt":"2024-01-04T09:02:39","slug":"a-la-expectativa","status":"publish","type":"post","link":"https:\/\/principesdeparis.es\/principes\/a-la-expectativa\/","title":{"rendered":"A la expectativa"},"content":{"rendered":"<p>Es un motivo de agrado y de satisfacci\u00f3n continuar con la posibilidad de colaborar en 2024 en esta columna de \u00abPr\u00edncipes de Par\u00eds\u00bb. Como en los viejos tiempos del periodismo escrito con la ayuda de una m\u00e1quina de escribir y entregando con un sobre a la redacci\u00f3n del peri\u00f3dico tu art\u00edculo. Ahora es a trav\u00e9s de un correo electr\u00f3nico y escrito en un ordenador lo que facilita el trabajo si no te gusta lo que est\u00e1s creando mientras escuchas m\u00fasica a trav\u00e9s de los auriculares. Antes era con un transistor, cuyo uso ha deca\u00eddo entre los m\u00e1s j\u00f3venes de los cincuenta a\u00f1os, pero el momento de reflexi\u00f3n es el mismo dado que se trata de proyectar en unas l\u00edneas determinadas la interpretaci\u00f3n que haces de la realidad. Ahora te exige la autocensura repasar varias veces lo que has escrito para comprobar si alguna de tus palabras, frases o conceptos pueden ofender a quienes lo leen. En este sentido reconozco que antes ten\u00edamos una mayor libertad incluso en la \u00e9poca de la censura antes de la entrada en vigor de nuestra Constituci\u00f3n, donde ya comenc\u00e9 a exponer mis ideas a trav\u00e9s de la radio y de publicaciones locales.<\/p>\n<p>Nos encontramos a la expectativa de lo que ocurra, analizando al actual Real Zaragoza, en estos d\u00edas de vuelta al trabajo de la plantilla y de la entrada y salida de jugadores. Con el silencio sobre la recuperaci\u00f3n de futbolistas como Cristian \u00c1lvarez, Lecoueche o Bakis, que iban a tener una importancia de alto nivel en la plantilla y que, especialmente por las lesiones, no han terminado de ser definitivos en el proyecto donde otros jugadores como Enrich, Toni Moya o Vallejo tampoco han brillado con luz propia. Si me apuran hasta Marc Aguado ha tenido sobresaltos en su rendimiento con motivo de sus caracter\u00edsticas y las necesidades de los dos entrenadores de esta temporada que se encuentra en descanso, o Jair Amador que empez\u00f3 formidable y que ha ido reduciendo su nivel de eficacia. Veremos qu\u00e9 ocurre con Iv\u00e1n Az\u00f3n que parece estar listo para regresar pero cuya falta de punter\u00eda le resta calidad de cara al gol pese a su m\u00e1xima entrega.<\/p>\n<p>Todo est\u00e1 en manos de Julio Vel\u00e1zquez cuyos n\u00fameros son escasos en la clasificaci\u00f3n pero su actitud es positiva ante la plantilla y la afici\u00f3n. Veremos qu\u00e9 aporta Juan Carlos Cordero en un mercado tan dif\u00edcil y largo con el dinero que pueda contar para seguir los dictados de Jorge Mas.<\/p>\n","protected":false},"excerpt":{"rendered":"<p>Es un motivo de agrado y de satisfacci\u00f3n continuar con la posibilidad de colaborar en 2024 en esta columna de \u00abPr\u00edncipes de Par\u00eds\u00bb. Como en los viejos tiempos del periodismo escrito con la ayuda de una m\u00e1quina de escribir y entregando con un sobre a la redacci\u00f3n del peri\u00f3dico tu <a class=\"read-more\" href=\"https:\/\/principesdeparis.es\/principes\/a-la-expectativa\/\">Sigue leyendo<\/a><\/p>\n","protected":false},"author":3,"featured_media":13604,"comment_status":"open","ping_status":"open","sticky":false,"template":"","format":"standard","meta":{"footnotes":""},"categories":[16,13],"tags":[],"class_list":["post-13748","post","type-post","status-publish","format-standard","has-post-thumbnail","hentry","category-el10","category-publicidad"],"_links":{"self":[{"href":"https:\/\/principesdeparis.es\/principes\/wp-json\/wp\/v2\/posts\/13748","targetHints":{"allow":["GET"]}}],"collection":[{"href":"https:\/\/principesdeparis.es\/principes\/wp-json\/wp\/v2\/posts"}],"about":[{"href":"https:\/\/principesdeparis.es\/principes\/wp-json\/wp\/v2\/types\/post"}],"author":[{"embeddable":true,"href":"https:\/\/principesdeparis.es\/principes\/wp-json\/wp\/v2\/users\/3"}],"replies":[{"embeddable":true,"href":"https:\/\/principesdeparis.es\/principes\/wp-json\/wp\/v2\/comments?post=13748"}],"version-history":[{"count":1,"href":"https:\/\/principesdeparis.es\/principes\/wp-json\/wp\/v2\/posts\/13748\/revisions"}],"predecessor-version":[{"id":13749,"href":"https:\/\/principesdeparis.es\/principes\/wp-json\/wp\/v2\/posts\/13748\/revisions\/13749"}],"wp:featuredmedia":[{"embeddable":true,"href":"https:\/\/principesdeparis.es\/principes\/wp-json\/wp\/v2\/media\/13604"}],"wp:attachment":[{"href":"https:\/\/principesdeparis.es\/principes\/wp-json\/wp\/v2\/media?parent=13748"}],"wp:term":[{"taxonomy":"category","embeddable":true,"href":"https:\/\/principesdeparis.es\/principes\/wp-json\/wp\/v2\/categories?post=13748"},{"taxonomy":"post_tag","embeddable":true,"href":"https:\/\/principesdeparis.es\/principes\/wp-json\/wp\/v2\/tags?post=13748"}],"curies":[{"name":"wp","href":"https:\/\/api.w.org\/{rel}","templated":true}]}}