{"id":13751,"date":"2024-01-05T10:11:12","date_gmt":"2024-01-05T10:11:12","guid":{"rendered":"https:\/\/principesdeparis.es\/principes\/?p=13751"},"modified":"2024-01-05T13:50:41","modified_gmt":"2024-01-05T13:50:41","slug":"el-escandaloso-deficit-del-real-zaragoza","status":"publish","type":"post","link":"https:\/\/principesdeparis.es\/principes\/el-escandaloso-deficit-del-real-zaragoza\/","title":{"rendered":"El escandaloso d\u00e9ficit del Real Zaragoza"},"content":{"rendered":"<p style=\"text-align: center;\"><em><strong>La crisis de gol del conjunto aragon\u00e9s vuelve a sufrir una temporada m\u00e1s sus raqu\u00edticos n\u00fameros de asistencias, los m\u00e1s bajos de Segunda junto a los del Huesca<\/strong><\/em><\/p>\n<p>Los an\u00e1lisis para explicar el porqu\u00e9 el Real Zaragoza no est\u00e1 donde le gustar\u00eda se han multiplicado en una paleta de explicaciones de todos los colores. Plaga de lesiones, tremendos errores personales, rendimientos individuales por debajo de lo previsto, una inestable car\u00e1cter competitivo y, como siempre en las \u00faltimas cuatro temporadas, un frente ofensivo con delanteros sin gol. Adem\u00e1s, el vigente y m\u00e1ximo responsable en ataque de este proyecto, Sinan Bakis, est\u00e1 en la enfermer\u00eda sin fecha para el alta y sin haber estrenado su cuenta realizadora, con Az\u00f3n a punto de regresar despu\u00e9s de superar sus molestias pero con un pobre bagaje anterior de dos tantos. De Sergi Enrich, la alternativa, no hay ninguna noticia positiva. Los tres sufren de un mal sin duda ligado a su calidad o a su estado de forma, pero la historia reciente de fracasos en la elecci\u00f3n de este modelo de jugador deja al descubierto que el problema no se ci\u00f1e tan s\u00f3lo a la mayor o menor inspiraci\u00f3n de los protagonistas. Toro Fern\u00e1ndez, Vuckic, Alegr\u00eda, \u00c1lvaro Gim\u00e9nez, Nano Mesa, Sabin Merino, Gueye y Bakis suman 3.259 minutos para 8 goles. Simeone, sin ser un ariete espec\u00edfico, es el \u00fanico oasis en ese desierto.<\/p>\n<p>Sin futbolistas del corte de Luis Su\u00e1rez, Borja Iglesias, \u00c1ngel Borja Bast\u00f3n o el mismo Giuliano, principalmente rematadores pero con diferentes autonom\u00edas para resolver situaciones por su cuenta, el Real Zaragoza ha ca\u00eddo en manos de puntas que se alimentan en gran parte del suministro de la segunda l\u00ednea, convertida en un aut\u00e9ntico erial en las campa\u00f1as posteriores a la disputa del \u00faltimo playoff de ascenso. Una asistencia en este equipo se ha convertido en un acontecimiento excepcional, producto de la escasa capacidad de centrocampistas de diferentes perfiles para ejercer de pasadores clarividentes. As\u00ed, el conjunto aragon\u00e9s ha conseguido en este curso nueve de sus 21 goles precedidos de un centro certero, una cifra grotesca, la m\u00e1s pobre de Segunda junto a la del Huesca. Y una vez m\u00e1s tiene en la figura del lateral Fran G\u00e1mez, como ya ocurriera hacer un par de ejercicios cuando firm\u00f3 siete entregas que acabaron dentro de la porter\u00eda, al m\u00e1s destacado mensajero. El defensor facilit\u00f3 las dianas de Az\u00f3n en Gij\u00f3n (0-2), Manu Vallejo contra el Espanyol (1-1) y Mesa ante el Levante (2-0). Manu Vallejo (2), Nieto, Francho, Jair y Grau completan esta lista bajo m\u00ednimos por lo que se refiere a facilitar la vida a los futbolistas m\u00e1s adelantados.<\/p>\n<p>El d\u00e9ficit es escandaloso, ya que de seguir esa progresi\u00f3n acabar\u00eda la temporada con 18 pases productivos. El Legan\u00e9s, l\u00edder, dio portazo a la primera vuelta con 15, y el Cartagena, colista, con 12. El primero tiene a Raba y Portillo, dos mediocampistas, a la cabeza de sus pasadores m\u00e1s notables, mientras Ortu\u00f1o, un delantero, y Hector Hevel, un medio que acaba de rescindir su contrato, son los m\u00e1s relevantes en este apartado en el Efes\u00e9. El Eibar, con 24, es el rey, con todo su arsenal muy bien engrasado y Stoichkov como gran referente para marcar y para entregar regalos. Junto al Huesca, tambi\u00e9n con nueve, el Real Zaragoza encabeza con deshonor ese cat\u00e1logo de raquitismo en las ayudas. Ahora que Juan Carlos Cordero, con otras cuestiones que atender, se debate entre fichar en el mercado de enero un delantero o centrocampistas con \u00faltimo pase, la cr\u00f3nica de este y los tres a\u00f1os anteriores, que es cuando se ha producido esta grave carencia de suministro, recomienda reforzar los dos puestos, pero cubrir la ausencia de un jugador especializado en asistir es claramente prioritario. Si es que esta ventana tan estrecha en todos los sentidos lo permite. De la actual plantilla, G\u00e1mez acumula 14 pases de gol desde que fuere contratado en 2021, mientras que Sergio Bermejo, testimonial esta campa\u00f1a, almacena 10 desde 2020. Desolador para el equipo y para cualquier delantero.<\/p>\n","protected":false},"excerpt":{"rendered":"<p>La crisis de gol del conjunto aragon\u00e9s vuelve a sufrir una temporada m\u00e1s sus raqu\u00edticos n\u00fameros de asistencias, los m\u00e1s bajos de Segunda junto a los del Huesca Los an\u00e1lisis para explicar el porqu\u00e9 el Real Zaragoza no est\u00e1 donde le gustar\u00eda se han multiplicado en una paleta de explicaciones <a class=\"read-more\" href=\"https:\/\/principesdeparis.es\/principes\/el-escandaloso-deficit-del-real-zaragoza\/\">Sigue leyendo<\/a><\/p>\n","protected":false},"author":2,"featured_media":13753,"comment_status":"open","ping_status":"open","sticky":false,"template":"","format":"standard","meta":{"footnotes":""},"categories":[13,1],"tags":[],"class_list":["post-13751","post","type-post","status-publish","format-standard","has-post-thumbnail","hentry","category-publicidad","category-real-zaragoza"],"_links":{"self":[{"href":"https:\/\/principesdeparis.es\/principes\/wp-json\/wp\/v2\/posts\/13751","targetHints":{"allow":["GET"]}}],"collection":[{"href":"https:\/\/principesdeparis.es\/principes\/wp-json\/wp\/v2\/posts"}],"about":[{"href":"https:\/\/principesdeparis.es\/principes\/wp-json\/wp\/v2\/types\/post"}],"author":[{"embeddable":true,"href":"https:\/\/principesdeparis.es\/principes\/wp-json\/wp\/v2\/users\/2"}],"replies":[{"embeddable":true,"href":"https:\/\/principesdeparis.es\/principes\/wp-json\/wp\/v2\/comments?post=13751"}],"version-history":[{"count":4,"href":"https:\/\/principesdeparis.es\/principes\/wp-json\/wp\/v2\/posts\/13751\/revisions"}],"predecessor-version":[{"id":13756,"href":"https:\/\/principesdeparis.es\/principes\/wp-json\/wp\/v2\/posts\/13751\/revisions\/13756"}],"wp:featuredmedia":[{"embeddable":true,"href":"https:\/\/principesdeparis.es\/principes\/wp-json\/wp\/v2\/media\/13753"}],"wp:attachment":[{"href":"https:\/\/principesdeparis.es\/principes\/wp-json\/wp\/v2\/media?parent=13751"}],"wp:term":[{"taxonomy":"category","embeddable":true,"href":"https:\/\/principesdeparis.es\/principes\/wp-json\/wp\/v2\/categories?post=13751"},{"taxonomy":"post_tag","embeddable":true,"href":"https:\/\/principesdeparis.es\/principes\/wp-json\/wp\/v2\/tags?post=13751"}],"curies":[{"name":"wp","href":"https:\/\/api.w.org\/{rel}","templated":true}]}}