{"id":13761,"date":"2024-01-06T20:20:17","date_gmt":"2024-01-06T20:20:17","guid":{"rendered":"https:\/\/principesdeparis.es\/principes\/?p=13761"},"modified":"2024-01-08T17:37:16","modified_gmt":"2024-01-08T17:37:16","slug":"el-real-zaragoza-rearma-su-porteria-con-edgar-badia","status":"publish","type":"post","link":"https:\/\/principesdeparis.es\/principes\/el-real-zaragoza-rearma-su-porteria-con-edgar-badia\/","title":{"rendered":"El Real Zaragoza rearma su porter\u00eda con Edgar Bad\u00eda"},"content":{"rendered":"<p>Edgar Bad\u00eda Guardiola, nacido en Barcelona hace 31 a\u00f1os y formado en la cantera del Espanyol, donde Pochettino le hizo debutar con el primer equipo\u00a0 en enero de 2012 en la Copa, ha sido el portero elegido por Juan Carlos Cordero para rearmar la porter\u00eda del Real Zaragoza hasta final de temporada. El meta, que esta temporada hab\u00eda disputado tan s\u00f3lo 7 encuentros con el Elche al no convencer a Beccacece, llega en calidad de cedido tras perder protagonismo ante el ex del Huesca Miguel San Rom\u00e1n y se convierte en el primer fichaje del mercado invernal. La lesi\u00f3n de Cristian \u00c1lvarez, que sufri\u00f3 una rotura fibrilar de grado II a nivel de la musculatura isquiotibial de la pierna izquierda en el partido contra el Andorra y que recay\u00f3 de la misma dolencia frente al Eibar, ha provocado un serio se\u00edsmo en la plantilla del Real Zaragoza.\u00a0 Sin el argentino, baja ya desde hace ya nueve jornadas y sin noticias m\u00e9dicas sobre un posible regreso a la competici\u00f3n, con la desconfianza absoluta sobre Poussin tras sus graves errores y a quien se le busca destino,\u00a0 y las dudas que recaen en Rebollo como para ejercer de titular, la idea de contratar un arquero se hizo prioritaria para la direcci\u00f3n deportiva, operaci\u00f3n que se ha cerrado hoy.<\/p>\n<p>Portero titular de la selecci\u00f3n espa\u00f1ola campeona de Europa sub-19 en 2011 bajo la direcci\u00f3n de Julen Lopetegui y junto a compa\u00f1eros como Deulofeu, Morata, Sarabia, Carvajal, Borja Bast\u00f3n, Alc\u00e1cer o Ramalho, comenz\u00f3 sin embargo un largo recorrido por Segunda B en el Reus de Natxo Gonz\u00e1lez y por Segunda con el propio equipo catal\u00e1n y el Elche para llegar a Primera con el cuadro ilicitano dirigido por Pacheta en el ejercicio 2020-2021. Lector empedernido de F\u00edsica y devoto de la Astronom\u00eda, este portero de 180 cent\u00edmetros de altura que <a href=\"https:\/\/twofivegloves.com\/sorteo-twofive-x-edgar-badia\/\">posee una empresa de guantes, <\/a>es un jugador que no se considera peque\u00f1o pese a tener una estatura poco habitual en el futbol actual para su puesto. Bad\u00eda se caracteriza por su agilidad,\u00a0 colocaci\u00f3n rapidez y reflejos y por un dominio correcto del espacio a\u00e9reo que ataca con la mejor colocaci\u00f3n e intuici\u00f3n posibles. Se hizo viral por un v\u00eddeo en el que se ve a Messi darle la camiseta mientras el argentino se queda esperando por la suya.<\/p>\n<blockquote class=\"twitter-tweet\">\n<p dir=\"ltr\" lang=\"es\">&#x270d;&#xfe0f; Principio de acuerdo para la cesi\u00f3n de <a href=\"https:\/\/twitter.com\/edgarbadia?ref_src=twsrc%5Etfw\">@edgarbadia<\/a> al Real Zaragoza &#x1f499;&#x1f90d;<\/p>\n<p>\u2014 Real Zaragoza &#x1f981; (@RealZaragoza) <a href=\"https:\/\/twitter.com\/RealZaragoza\/status\/1744069488041922680?ref_src=twsrc%5Etfw\">January 7, 2024<\/a><\/p><\/blockquote>\n<p><script async src=\"https:\/\/platform.twitter.com\/widgets.js\" charset=\"utf-8\"><\/script><\/p>\n","protected":false},"excerpt":{"rendered":"<p>Edgar Bad\u00eda Guardiola, nacido en Barcelona hace 31 a\u00f1os y formado en la cantera del Espanyol, donde Pochettino le hizo debutar con el primer equipo\u00a0 en enero de 2012 en la Copa, ha sido el portero elegido por Juan Carlos Cordero para rearmar la porter\u00eda del Real Zaragoza hasta final <a class=\"read-more\" href=\"https:\/\/principesdeparis.es\/principes\/el-real-zaragoza-rearma-su-porteria-con-edgar-badia\/\">Sigue leyendo<\/a><\/p>\n","protected":false},"author":2,"featured_media":13763,"comment_status":"open","ping_status":"open","sticky":false,"template":"","format":"standard","meta":{"footnotes":""},"categories":[13,1],"tags":[],"class_list":["post-13761","post","type-post","status-publish","format-standard","has-post-thumbnail","hentry","category-publicidad","category-real-zaragoza"],"_links":{"self":[{"href":"https:\/\/principesdeparis.es\/principes\/wp-json\/wp\/v2\/posts\/13761","targetHints":{"allow":["GET"]}}],"collection":[{"href":"https:\/\/principesdeparis.es\/principes\/wp-json\/wp\/v2\/posts"}],"about":[{"href":"https:\/\/principesdeparis.es\/principes\/wp-json\/wp\/v2\/types\/post"}],"author":[{"embeddable":true,"href":"https:\/\/principesdeparis.es\/principes\/wp-json\/wp\/v2\/users\/2"}],"replies":[{"embeddable":true,"href":"https:\/\/principesdeparis.es\/principes\/wp-json\/wp\/v2\/comments?post=13761"}],"version-history":[{"count":14,"href":"https:\/\/principesdeparis.es\/principes\/wp-json\/wp\/v2\/posts\/13761\/revisions"}],"predecessor-version":[{"id":13789,"href":"https:\/\/principesdeparis.es\/principes\/wp-json\/wp\/v2\/posts\/13761\/revisions\/13789"}],"wp:featuredmedia":[{"embeddable":true,"href":"https:\/\/principesdeparis.es\/principes\/wp-json\/wp\/v2\/media\/13763"}],"wp:attachment":[{"href":"https:\/\/principesdeparis.es\/principes\/wp-json\/wp\/v2\/media?parent=13761"}],"wp:term":[{"taxonomy":"category","embeddable":true,"href":"https:\/\/principesdeparis.es\/principes\/wp-json\/wp\/v2\/categories?post=13761"},{"taxonomy":"post_tag","embeddable":true,"href":"https:\/\/principesdeparis.es\/principes\/wp-json\/wp\/v2\/tags?post=13761"}],"curies":[{"name":"wp","href":"https:\/\/api.w.org\/{rel}","templated":true}]}}