{"id":13790,"date":"2024-01-09T12:50:32","date_gmt":"2024-01-09T12:50:32","guid":{"rendered":"https:\/\/principesdeparis.es\/principes\/?p=13790"},"modified":"2024-01-09T14:53:02","modified_gmt":"2024-01-09T14:53:02","slug":"edgar-abadia-vengo-con-ambicion-para-engancharnos-con-los-mejores","status":"publish","type":"post","link":"https:\/\/principesdeparis.es\/principes\/edgar-abadia-vengo-con-ambicion-para-engancharnos-con-los-mejores\/","title":{"rendered":"Edgar Abad\u00eda: \u00abVengo con ambici\u00f3n, para engancharnos con los mejores\u00bb"},"content":{"rendered":"<p><strong>Juan Carlos Cordero<\/strong><\/p>\n<p>\u00abEdgar es un portero de gran recorrido y titular en todos los equipos. Ha sido valiente para revertir su situaci\u00f3n y se ha incorporado al Real Zaragoza. Siendo muy querido como es y capit\u00e1n, es de valiente que haya venido cuanto antes. Estaba en una zona de confort en la ciudad y en el equipo que se le respeta. Hay que valorar el paso que ha dado Edgar, portero \u00e1gil y de reflejos. Buscamos que nos d\u00e9 estabilidad y su aclimataci\u00f3n ser\u00e1 inmediata, ya a disposici\u00f3n del entrenador para el partido del lunes\u00bb.<\/p>\n<p><strong>Edgar Bad\u00eda<\/strong><\/p>\n<p><strong>Reto:<\/strong> \u00abPara m\u00ed es una ilusi\u00f3n tremenda estar aqu\u00ed. Vengo cedido hasta final de temporada pero afronto este reto para aportar mi granito de arena. Ojal\u00e1 ascendamos y tenga una etapa larga, pero en principio vengo cedido seis meses y luego ya veremos lo que ocurre\u00bb.<\/p>\n<p><strong>Listo para jugar:<\/strong> \u00abEstoy muy en forma. He jugado la Copa del Rey. Llevo dos sesiones y ya siento que hay sinton\u00eda con los defensas. En el vestuario hay un rollo espectacular. Me siento preparado, como si hubiera partido ma\u00f1ana\u00bb.<\/p>\n<p><strong>Cristian:<\/strong> \u00abFue uno de los primeros con quien me puse en contacto. Yo debuto despu\u00e9s de una lesi\u00f3n de Cristian en el Espanyol. Es de los grandes porteros del siglo XXI del Real Zaragoza. Vengo a ayudarle a \u00e9l y al equipo y ha lograr los objetivos que nos propongamos. Es un placer coincidir con \u00e9l\u00bb.<\/p>\n<p><strong>Atm\u00f3sfera del equipo:<\/strong> \u00abEl m\u00edster me ha parecido exigente y observador, y que tiene claro que quiere establecer un f\u00fatbol de \u00e9lite. Para m\u00ed es fundamental el ambiente, y lo que he visto es una relaci\u00f3n muy buena en la plantilla entre jugadores de mucho nivel\u00bb.<\/p>\n<p><strong>C\u00f3mo ve al equipo:<\/strong> \u00abVengo con la m\u00e1xima ambici\u00f3n, para engancharnos con los mejores. Hay una plantilla m\u00e1s que suficiente. El Real Zaragoza est\u00e1 en condiciones de competir con cualquier rival. Si no hubiese sido\u00a0 por esa peque\u00f1a mala racha hubiese acabado la primera vuelta entre los seis primeros. Hay que aprender de eso para ser estables y conseguir lo que se busca\u00bb.<\/p>\n<p><strong>Virtudes:<\/strong> \u00abSoy un buen profesional,\u00a0 muy competitivo. Quiero ganar hasta en los juegos de mesa. T\u00e9cnicamente trato de ser un portero de prever las situaciones y estudiar los partidos\u00bb.<\/p>\n<p><em>Foto Real Zaragoza<\/em><\/p>\n","protected":false},"excerpt":{"rendered":"<p>Juan Carlos Cordero \u00abEdgar es un portero de gran recorrido y titular en todos los equipos. Ha sido valiente para revertir su situaci\u00f3n y se ha incorporado al Real Zaragoza. Siendo muy querido como es y capit\u00e1n, es de valiente que haya venido cuanto antes. Estaba en una zona de <a class=\"read-more\" href=\"https:\/\/principesdeparis.es\/principes\/edgar-abadia-vengo-con-ambicion-para-engancharnos-con-los-mejores\/\">Sigue leyendo<\/a><\/p>\n","protected":false},"author":2,"featured_media":13796,"comment_status":"open","ping_status":"open","sticky":false,"template":"","format":"standard","meta":{"footnotes":""},"categories":[13,1],"tags":[],"class_list":["post-13790","post","type-post","status-publish","format-standard","has-post-thumbnail","hentry","category-publicidad","category-real-zaragoza"],"_links":{"self":[{"href":"https:\/\/principesdeparis.es\/principes\/wp-json\/wp\/v2\/posts\/13790","targetHints":{"allow":["GET"]}}],"collection":[{"href":"https:\/\/principesdeparis.es\/principes\/wp-json\/wp\/v2\/posts"}],"about":[{"href":"https:\/\/principesdeparis.es\/principes\/wp-json\/wp\/v2\/types\/post"}],"author":[{"embeddable":true,"href":"https:\/\/principesdeparis.es\/principes\/wp-json\/wp\/v2\/users\/2"}],"replies":[{"embeddable":true,"href":"https:\/\/principesdeparis.es\/principes\/wp-json\/wp\/v2\/comments?post=13790"}],"version-history":[{"count":3,"href":"https:\/\/principesdeparis.es\/principes\/wp-json\/wp\/v2\/posts\/13790\/revisions"}],"predecessor-version":[{"id":13798,"href":"https:\/\/principesdeparis.es\/principes\/wp-json\/wp\/v2\/posts\/13790\/revisions\/13798"}],"wp:featuredmedia":[{"embeddable":true,"href":"https:\/\/principesdeparis.es\/principes\/wp-json\/wp\/v2\/media\/13796"}],"wp:attachment":[{"href":"https:\/\/principesdeparis.es\/principes\/wp-json\/wp\/v2\/media?parent=13790"}],"wp:term":[{"taxonomy":"category","embeddable":true,"href":"https:\/\/principesdeparis.es\/principes\/wp-json\/wp\/v2\/categories?post=13790"},{"taxonomy":"post_tag","embeddable":true,"href":"https:\/\/principesdeparis.es\/principes\/wp-json\/wp\/v2\/tags?post=13790"}],"curies":[{"name":"wp","href":"https:\/\/api.w.org\/{rel}","templated":true}]}}