{"id":13793,"date":"2024-01-09T13:08:20","date_gmt":"2024-01-09T13:08:20","guid":{"rendered":"https:\/\/principesdeparis.es\/principes\/?p=13793"},"modified":"2024-01-11T12:31:10","modified_gmt":"2024-01-11T12:31:10","slug":"cordero-reduce-la-cantidad-de-movimientos","status":"publish","type":"post","link":"https:\/\/principesdeparis.es\/principes\/cordero-reduce-la-cantidad-de-movimientos\/","title":{"rendered":"Cordero reduce la cantidad de movimientos"},"content":{"rendered":"<p style=\"text-align: center;\"><em><strong>El director deportivo dice estar muy satisfecho con la plantilla que confeccion\u00f3 en verano y que ahora el planteamiento es \u00abcomplementarla, no fichar por fichar\u00bb. El ejecutivo concreta que la \u00fanica salida prevista es la de Poussin y que en ataque espera recuperar a Bakis<\/strong><\/em><\/p>\n<p><strong>S\u00f3lo sale Poussin.<\/strong> \u00abLa prioridad era la porter\u00eda. A partir de ah\u00ed estamos muy contentos con la plantilla que hicimos en verano. Estos ser\u00e1n los que nos ayudar\u00e1n a estar en la parte alta. Ahora complementamos esa plantilla. No hay prisas por firmar a nadie. Vamos a seguir con calma y atentos. No hay salidas pendientes porque no hay necesidad y el m\u00edster est\u00e1 contento con todos. La idea es mejorar la plantilla\u00bb.<\/p>\n<p><strong>C\u00f3mo queda la porter\u00eda.<\/strong> \u00abEn verano se quiso tener tres porteros de nivel, pero la lesi\u00f3n de Cristian lo ha condicionado. El fichaje de Poussin fue una operaci\u00f3n buena, pero por acciones puntuales le ha restado puntos al equipo. Ante esa realidad, el club tiene que reaccionar para mejorar la posici\u00f3n. Poussin tendr\u00e1 que salir no por licencias sino por la situaci\u00f3n del propio jugador\u00bb.<\/p>\n<p><strong>Maniobra en el mercado:<\/strong> \u00abNo podemos luchar de t\u00fa a t\u00fa con equipos con mayor nivel econ\u00f3mico. Estamos atentos, pero sin ninguna obligaci\u00f3n, sin tener que hacer cosas muy concretas salvo en el lateral izquierdo\u00bb.<\/p>\n<p><strong>Azon y Bakis:<\/strong> \u00abAz\u00f3n, por fortuna, ya est\u00e1 recuperado, se encuentra bien y hoy en d\u00eda es uno m\u00e1s. Bakis, la semana que viene, se ira incorporando poco a poco al grupo. Tenemos cuatro delanteros en la plantilla y Mollejo y Mesa est\u00e1n haciendo goles. Todos queremos mejores prestaciones, por supuesto. Por lo que me transmiten los m\u00e9dicos, creemos que Sinan puede aportar mucho en la segunda vuelta\u00bb.<\/p>\n","protected":false},"excerpt":{"rendered":"<p>El director deportivo dice estar muy satisfecho con la plantilla que confeccion\u00f3 en verano y que ahora el planteamiento es \u00abcomplementarla, no fichar por fichar\u00bb. El ejecutivo concreta que la \u00fanica salida prevista es la de Poussin y que en ataque espera recuperar a Bakis S\u00f3lo sale Poussin. \u00abLa prioridad <a class=\"read-more\" href=\"https:\/\/principesdeparis.es\/principes\/cordero-reduce-la-cantidad-de-movimientos\/\">Sigue leyendo<\/a><\/p>\n","protected":false},"author":2,"featured_media":13794,"comment_status":"open","ping_status":"open","sticky":false,"template":"","format":"standard","meta":{"footnotes":""},"categories":[13,1],"tags":[],"class_list":["post-13793","post","type-post","status-publish","format-standard","has-post-thumbnail","hentry","category-publicidad","category-real-zaragoza"],"_links":{"self":[{"href":"https:\/\/principesdeparis.es\/principes\/wp-json\/wp\/v2\/posts\/13793","targetHints":{"allow":["GET"]}}],"collection":[{"href":"https:\/\/principesdeparis.es\/principes\/wp-json\/wp\/v2\/posts"}],"about":[{"href":"https:\/\/principesdeparis.es\/principes\/wp-json\/wp\/v2\/types\/post"}],"author":[{"embeddable":true,"href":"https:\/\/principesdeparis.es\/principes\/wp-json\/wp\/v2\/users\/2"}],"replies":[{"embeddable":true,"href":"https:\/\/principesdeparis.es\/principes\/wp-json\/wp\/v2\/comments?post=13793"}],"version-history":[{"count":2,"href":"https:\/\/principesdeparis.es\/principes\/wp-json\/wp\/v2\/posts\/13793\/revisions"}],"predecessor-version":[{"id":13815,"href":"https:\/\/principesdeparis.es\/principes\/wp-json\/wp\/v2\/posts\/13793\/revisions\/13815"}],"wp:featuredmedia":[{"embeddable":true,"href":"https:\/\/principesdeparis.es\/principes\/wp-json\/wp\/v2\/media\/13794"}],"wp:attachment":[{"href":"https:\/\/principesdeparis.es\/principes\/wp-json\/wp\/v2\/media?parent=13793"}],"wp:term":[{"taxonomy":"category","embeddable":true,"href":"https:\/\/principesdeparis.es\/principes\/wp-json\/wp\/v2\/categories?post=13793"},{"taxonomy":"post_tag","embeddable":true,"href":"https:\/\/principesdeparis.es\/principes\/wp-json\/wp\/v2\/tags?post=13793"}],"curies":[{"name":"wp","href":"https:\/\/api.w.org\/{rel}","templated":true}]}}