{"id":13799,"date":"2024-01-10T09:11:31","date_gmt":"2024-01-10T09:11:31","guid":{"rendered":"https:\/\/principesdeparis.es\/principes\/?p=13799"},"modified":"2024-01-10T14:21:12","modified_gmt":"2024-01-10T14:21:12","slug":"muere-cesar-alierta","status":"publish","type":"post","link":"https:\/\/principesdeparis.es\/principes\/muere-cesar-alierta\/","title":{"rendered":"Muere C\u00e9sar Alierta"},"content":{"rendered":"<p>El abogado y empresario zaragozano C\u00e9sar Alierta (Zaragoza, 1945-2024)<strong>,<\/strong> expresidente de Telef\u00f3nica y de su Fundaci\u00f3n de 2000 a 2022, de Tabacalera (1990-1996) y ex m\u00e1ximo accionista del Real Zaragoza, ha\u00a0 fallecido a los 78 a\u00f1os en la cl\u00ednica Quir\u00f3n de la capital aragonesa, donde llevaba en estado cr\u00edtico como consecuencia del agravamiento de una enfermedad respiratoria, una pulmon\u00eda.\u00a0 En el verano de 2020, Alierta sufri\u00f3 una parada card\u00edaca por la que ingres\u00f3 en un hospital de Madrid. Tras superar una situaci\u00f3n de coma inducido, recuper\u00f3 plenamente su salud y dej\u00f3 atr\u00e1s otros episodios cardiovasculares, entre ellos una angina de pecho y diversas intervenciones quir\u00fargicas para desobstruir las arterias coronarias a trav\u00e9s de stents.<\/p>\n<blockquote class=\"twitter-tweet\">\n<p dir=\"ltr\" lang=\"es\">El Real Zaragoza quiere expresar su profundo pesar por el fallecimiento de D. C\u00e9sar Alierta Izuel. Figura de consolidado prestigio en el \u00e1mbito empresarial y un seguidor ferviente del equipo de sus amores, el Real Zaragoza<\/p>\n<p>Descanse en paz<\/p>\n<p>\u2014 Real Zaragoza &#x1f981; (@RealZaragoza) <a href=\"https:\/\/twitter.com\/RealZaragoza\/status\/1745077205149835534?ref_src=twsrc%5Etfw\">January 10, 2024<\/a><\/p><\/blockquote>\n<p><script async src=\"https:\/\/platform.twitter.com\/widgets.js\" charset=\"utf-8\"><\/script><\/p>\n","protected":false},"excerpt":{"rendered":"<p>El abogado y empresario zaragozano C\u00e9sar Alierta (Zaragoza, 1945-2024), expresidente de Telef\u00f3nica y de su Fundaci\u00f3n de 2000 a 2022, de Tabacalera (1990-1996) y ex m\u00e1ximo accionista del Real Zaragoza, ha\u00a0 fallecido a los 78 a\u00f1os en la cl\u00ednica Quir\u00f3n de la capital aragonesa, donde llevaba en estado cr\u00edtico como <a class=\"read-more\" href=\"https:\/\/principesdeparis.es\/principes\/muere-cesar-alierta\/\">Sigue leyendo<\/a><\/p>\n","protected":false},"author":2,"featured_media":13800,"comment_status":"open","ping_status":"open","sticky":false,"template":"","format":"standard","meta":{"footnotes":""},"categories":[13,1],"tags":[],"class_list":["post-13799","post","type-post","status-publish","format-standard","has-post-thumbnail","hentry","category-publicidad","category-real-zaragoza"],"_links":{"self":[{"href":"https:\/\/principesdeparis.es\/principes\/wp-json\/wp\/v2\/posts\/13799","targetHints":{"allow":["GET"]}}],"collection":[{"href":"https:\/\/principesdeparis.es\/principes\/wp-json\/wp\/v2\/posts"}],"about":[{"href":"https:\/\/principesdeparis.es\/principes\/wp-json\/wp\/v2\/types\/post"}],"author":[{"embeddable":true,"href":"https:\/\/principesdeparis.es\/principes\/wp-json\/wp\/v2\/users\/2"}],"replies":[{"embeddable":true,"href":"https:\/\/principesdeparis.es\/principes\/wp-json\/wp\/v2\/comments?post=13799"}],"version-history":[{"count":12,"href":"https:\/\/principesdeparis.es\/principes\/wp-json\/wp\/v2\/posts\/13799\/revisions"}],"predecessor-version":[{"id":13812,"href":"https:\/\/principesdeparis.es\/principes\/wp-json\/wp\/v2\/posts\/13799\/revisions\/13812"}],"wp:featuredmedia":[{"embeddable":true,"href":"https:\/\/principesdeparis.es\/principes\/wp-json\/wp\/v2\/media\/13800"}],"wp:attachment":[{"href":"https:\/\/principesdeparis.es\/principes\/wp-json\/wp\/v2\/media?parent=13799"}],"wp:term":[{"taxonomy":"category","embeddable":true,"href":"https:\/\/principesdeparis.es\/principes\/wp-json\/wp\/v2\/categories?post=13799"},{"taxonomy":"post_tag","embeddable":true,"href":"https:\/\/principesdeparis.es\/principes\/wp-json\/wp\/v2\/tags?post=13799"}],"curies":[{"name":"wp","href":"https:\/\/api.w.org\/{rel}","templated":true}]}}