{"id":13821,"date":"2024-01-13T14:13:13","date_gmt":"2024-01-13T14:13:13","guid":{"rendered":"https:\/\/principesdeparis.es\/principes\/?p=13821"},"modified":"2024-01-13T14:13:13","modified_gmt":"2024-01-13T14:13:13","slug":"velazquez-se-desmarca-de-jorge-mas-sanllehi-y-otras-historias","status":"publish","type":"post","link":"https:\/\/principesdeparis.es\/principes\/velazquez-se-desmarca-de-jorge-mas-sanllehi-y-otras-historias\/","title":{"rendered":"Vel\u00e1zquez se desmarca de Jorge Mas, Sanlleh\u00ed y otras historias"},"content":{"rendered":"<p style=\"text-align: center;\"><em><strong>El t\u00e9cnico estima que no le corresponde hablar del ascenso que han nombrado recientemente el presidente y el director deportivo porque su trabajo se centra \u00aben el d\u00eda a d\u00eda\u00bb, da opciones al regreso de Lecoeuche en el once sin confirmar si Bad\u00eda ser\u00e1 titular y avisa que el Real Zaragoza, \u00abque deber\u00eda llevar cuatro o cinco puntos m\u00e1s\u00bb, se equivoca si vive del pasado<\/strong><\/em><\/p>\n<p>El lateral izquierdo: \u00abEn ese carril hemos tenido un problema y nos hemos ido reinventado. El rendimiento de Valera estaba siendo extraordinario en una posici\u00f3n poco habitual para \u00e9l. Por desgracia se lesion\u00f3 y de momento no es opci\u00f3n. Buscamos una soluci\u00f3n y hemos probado diferentes posibilidades. La evoluci\u00f3n de Lecoeuche ha sido mejor de lo previsto. Ha pasado de tener dif\u00edcil de ser de la partida a ser una opci\u00f3n muy real desde el principio, para jugar de inicio\u00bb.<\/p>\n<p>El ascenso de Sanlleh\u00ed y Jorge Mas: \u00abSoy el entrenador y debo centrarme en el d\u00eda al d\u00eda. En el club hay profesionales con diferentes roles, competencias. Hay personas que hacen an\u00e1lisis a medio largo plazo, pero mi responsabilidad me lleva a analizar el trabajo de cada semana, a la inmediatez, a hacer lo posible por ganar al Eldense. Mi objetivo no es mirar las puntos o la posici\u00f3n\u00bb.<\/p>\n<p>Bad\u00eda y Poussin: \u00abTodos los jugadores est\u00e1n a disposici\u00f3n del primer equipo. Estoy contento con la llegada de Edgar porque nos aporta competencia. Cristian no es opci\u00f3n, pero el resto de porteros est\u00e1n en din\u00e1mica del primer equipo. En cuanto a Poussin vamos viendo c\u00f3mo se desarrolla el mercado pero ahora mismo no valoro su salida\u00bb.<\/p>\n<p>Defensa de cinco: \u00abNo hablo de c\u00f3mo vamos a jugar porque no me gusta dar pistas al rival. Puede que juegue o que no Lecoeuche y que modifique o no la estructura\u00bb.<\/p>\n<p>M\u00e1s m\u00e9ritos que puntos: \u00abEl momento del cuerpo t\u00e9cnico empieza desde el primer d\u00eda que estuvimos en el Real Zaragoza. Estoy muy satisfecho con lo que se est\u00e1 consiguiendo con el equipo. En los puntos se me queda escaso por lo que hemos hecho y hemos merecido. M\u00ednimo pod\u00edamos tener cuatro cinco puntos m\u00e1s, pero es pasado y afrontaremos el resto de los partidos con la intenci\u00f3n de ganar el mayor n\u00famero posible\u00bb.<\/p>\n<p>Urgencia de puntos: \u00abDepende de c\u00f3mo se quiera analizar. No hablo de urgencia sino de realismo y positivismo y ocupaci\u00f3n. No pensamos en lo negativo que pas\u00f3 en el pasado. Lo analizas, sacas conclusiones y persigues la mejora desde una perspectiva positiva e ilusionante. Con argumentos futbol\u00edsticos. Ante Espanyol, Levante y Amorebieta hicimos m\u00e9ritos para ganarles. Si seguimos en ese nivel, y la reacci\u00f3n se ha producido. Ahora hay que ajustar y mejorar los resultados porque no es cuesti\u00f3n de hacerlo s\u00f3lo en las sensaciones\u00bb.<\/p>\n<p>El Eldense y la realidad: \u00abLos niveles hist\u00f3ricos importan poco en la realidad competitiva. La historia no te hace ganar partidos. Te equivocas si no contextualizas tu presente. Como equipo de Segunda nos obliga a competir con humildad ante un equipo que est\u00e1 en la misma categor\u00eda. Eso s\u00ed, intentaremos llevar el partido donde queremos para ganarlo.<\/p>\n","protected":false},"excerpt":{"rendered":"<p>El t\u00e9cnico estima que no le corresponde hablar del ascenso que han nombrado recientemente el presidente y el director deportivo porque su trabajo se centra \u00aben el d\u00eda a d\u00eda\u00bb, da opciones al regreso de Lecoeuche en el once sin confirmar si Bad\u00eda ser\u00e1 titular y avisa que el Real <a class=\"read-more\" href=\"https:\/\/principesdeparis.es\/principes\/velazquez-se-desmarca-de-jorge-mas-sanllehi-y-otras-historias\/\">Sigue leyendo<\/a><\/p>\n","protected":false},"author":2,"featured_media":13823,"comment_status":"open","ping_status":"open","sticky":false,"template":"","format":"standard","meta":{"footnotes":""},"categories":[13,1],"tags":[],"class_list":["post-13821","post","type-post","status-publish","format-standard","has-post-thumbnail","hentry","category-publicidad","category-real-zaragoza"],"_links":{"self":[{"href":"https:\/\/principesdeparis.es\/principes\/wp-json\/wp\/v2\/posts\/13821","targetHints":{"allow":["GET"]}}],"collection":[{"href":"https:\/\/principesdeparis.es\/principes\/wp-json\/wp\/v2\/posts"}],"about":[{"href":"https:\/\/principesdeparis.es\/principes\/wp-json\/wp\/v2\/types\/post"}],"author":[{"embeddable":true,"href":"https:\/\/principesdeparis.es\/principes\/wp-json\/wp\/v2\/users\/2"}],"replies":[{"embeddable":true,"href":"https:\/\/principesdeparis.es\/principes\/wp-json\/wp\/v2\/comments?post=13821"}],"version-history":[{"count":1,"href":"https:\/\/principesdeparis.es\/principes\/wp-json\/wp\/v2\/posts\/13821\/revisions"}],"predecessor-version":[{"id":13824,"href":"https:\/\/principesdeparis.es\/principes\/wp-json\/wp\/v2\/posts\/13821\/revisions\/13824"}],"wp:featuredmedia":[{"embeddable":true,"href":"https:\/\/principesdeparis.es\/principes\/wp-json\/wp\/v2\/media\/13823"}],"wp:attachment":[{"href":"https:\/\/principesdeparis.es\/principes\/wp-json\/wp\/v2\/media?parent=13821"}],"wp:term":[{"taxonomy":"category","embeddable":true,"href":"https:\/\/principesdeparis.es\/principes\/wp-json\/wp\/v2\/categories?post=13821"},{"taxonomy":"post_tag","embeddable":true,"href":"https:\/\/principesdeparis.es\/principes\/wp-json\/wp\/v2\/tags?post=13821"}],"curies":[{"name":"wp","href":"https:\/\/api.w.org\/{rel}","templated":true}]}}