{"id":13832,"date":"2024-01-15T18:36:10","date_gmt":"2024-01-15T18:36:10","guid":{"rendered":"https:\/\/principesdeparis.es\/principes\/?p=13832"},"modified":"2024-01-15T19:17:35","modified_gmt":"2024-01-15T19:17:35","slug":"badia-lecoeuche-y-aguado-novedades-en-primer-once-de-2024","status":"publish","type":"post","link":"https:\/\/principesdeparis.es\/principes\/badia-lecoeuche-y-aguado-novedades-en-primer-once-de-2024\/","title":{"rendered":"Bad\u00eda, Lecoeuche y Aguado, novedades en el primer once de 2024"},"content":{"rendered":"<p>El Real Zaragoza presenta tres novedades con respecto a la alineaci\u00f3n que empat\u00f3 frente al Levante en cierre de la primera vuelta y del a\u00f1o.\u00a0 Edgar Bad\u00eda debuta en la porter\u00eda nada m\u00e1s llegar cedido desde el Elche como primer refuerzo del mercado invernal,\u00a0 Lecoeuche recupera su posici\u00f3n de lateral izquierdo despu\u00e9s de recuperarse antes de lo previsto y Aguado, ausente en el once de aquel encuentro ante los granota por un proceso gripal, se reintegra al centro del campo en lugar de Grau. En principio todo indica que el entrenador repite con sus sistema fetiche, condicionado sin duda por un equipo tocado en la zona ofensiva y que persigue protegerse una vez m\u00e1s con los carriles como mejor v\u00eda de expresi\u00f3n ofensiva. La entrada de Lecoeuche para un trabajo de largo recorrido se antoja algo arriesgada para un futbolista tan fr\u00e1gil fibrilarmente que deber\u00eda asumir las exigencias del ausente Valera, una de las principales novedades estrat\u00e9gicas del t\u00e9cnico salmantino para dotar al equipo de los equilibrios que le faltaban. Los tres centrales se mantienen como eje t\u00e1ctico y en la medular, Moya y Francho vuelve a contar con Aguado como referente posicional. Arriba siguen los jugadores con m\u00e1s olfato, Mesa y Mollejo, en esta ocasi\u00f3n con la presencia de Iv\u00e1n Az\u00f3n en el banquillo como alternativa frente a un posible cambio de gui\u00f3n.<\/p>\n<p>Despu\u00e9s del agotador par\u00f3n navide\u00f1o por la falta de actividad competitiva, el Real Zaragoza busca en su estreno en el Nuevo Pepico Amat un triunfo que engorde su cuenta de beneficios y empieza a alimentar sus remotas opciones de alcanzar el playoff. Si quiere llegar a tiempo a las laderas de esa cima, como as\u00ed lo consideran Jorge Mas y Ra\u00fal Sanlleh\u00ed, los empates dan para poco. Dos victorias, una de ellas contra el Legan\u00e9s, en las \u00faltimas 16 jornadas, cinco de ellas con Julio Vel\u00e1zquez al frente, exigen apostar por el bot\u00edn completo en todas las jornadas posibles. El Eldense, que lucha por la permanencia pero que adelantar\u00eda a los aragoneses en caso de imponerse en esta cita en su feudo, deja en el banco da sus dos fichajes de invierno, Nacho Molsalve y Mo Dauda. El equipo de Fernando Est\u00e9vez suma seis fechas sin vencer, con cuatro empates de por medio,\u00a0 pero posee una peculiar facultad para igualar partidos que se le ponen muy cuesta arriba, todo lo contrario que su rival. Comenzaron perdiendo con Legan\u00e9s, Racing de Santander de Albacete y arrancaron un punto, con el espectacular 0-3 que dejaron en un 3-3 final ante los c\u00e1ntabros. En pleno mercado de enero, los refuerzos ser\u00e1n los justos, de tal manera que el Real Zaragoza tendr\u00e1 que ce\u00f1irse en gran parte a la plantilla construida en verano sin que muchas de sus piezas matrices hayan alcanzado el nivel que se esperaba.<\/p>\n<p>La alineaci\u00f3n del Eldense<\/p>\n<blockquote class=\"twitter-tweet\">\n<p dir=\"ltr\" lang=\"ca\">\u00a1Nuestro <a href=\"https:\/\/twitter.com\/RealZaragoza?ref_src=twsrc%5Etfw\">@RealZaragoza<\/a>!<\/p>\n<p>31. \u00c1lvaro Aceves<br \/>\n2. Toni Abad<br \/>\n4. Dario \u0110umi\u0107<br \/>\n5. \u00cd\u00f1igo Pi\u00f1a<br \/>\n8. Sergio Ortu\u00f1o<br \/>\n9. Mario Sober\u00f3n<br \/>\n17. Jes\u00fas Clemente<br \/>\n20. Iv\u00e1n Chapela<br \/>\n21. \u00c1lex Bernal<br \/>\n23. Marc Mateu<br \/>\n24. David Timor\u00a9&#xfe0f;<a href=\"https:\/\/twitter.com\/hashtag\/AupaDeportivo?src=hash&amp;ref_src=twsrc%5Etfw\">#AupaDeportivo<\/a> <a href=\"https:\/\/twitter.com\/hashtag\/SeguimosSo%C3%B1ando?src=hash&amp;ref_src=twsrc%5Etfw\">#SeguimosSo\u00f1ando<\/a> <a href=\"https:\/\/t.co\/Iv40qxFrR1\">pic.twitter.com\/Iv40qxFrR1<\/a><\/p>\n<p>\u2014 CD Eldense SAD (@CD_Eldense) <a href=\"https:\/\/twitter.com\/CD_Eldense\/status\/1746960205139571142?ref_src=twsrc%5Etfw\">January 15, 2024<\/a><\/p><\/blockquote>\n<p><script async src=\"https:\/\/platform.twitter.com\/widgets.js\" charset=\"utf-8\"><\/script><\/p>\n","protected":false},"excerpt":{"rendered":"<p>El Real Zaragoza presenta tres novedades con respecto a la alineaci\u00f3n que empat\u00f3 frente al Levante en cierre de la primera vuelta y del a\u00f1o.\u00a0 Edgar Bad\u00eda debuta en la porter\u00eda nada m\u00e1s llegar cedido desde el Elche como primer refuerzo del mercado invernal,\u00a0 Lecoeuche recupera su posici\u00f3n de lateral <a class=\"read-more\" href=\"https:\/\/principesdeparis.es\/principes\/badia-lecoeuche-y-aguado-novedades-en-primer-once-de-2024\/\">Sigue leyendo<\/a><\/p>\n","protected":false},"author":2,"featured_media":13834,"comment_status":"open","ping_status":"open","sticky":false,"template":"","format":"standard","meta":{"footnotes":""},"categories":[13,1],"tags":[],"class_list":["post-13832","post","type-post","status-publish","format-standard","has-post-thumbnail","hentry","category-publicidad","category-real-zaragoza"],"_links":{"self":[{"href":"https:\/\/principesdeparis.es\/principes\/wp-json\/wp\/v2\/posts\/13832","targetHints":{"allow":["GET"]}}],"collection":[{"href":"https:\/\/principesdeparis.es\/principes\/wp-json\/wp\/v2\/posts"}],"about":[{"href":"https:\/\/principesdeparis.es\/principes\/wp-json\/wp\/v2\/types\/post"}],"author":[{"embeddable":true,"href":"https:\/\/principesdeparis.es\/principes\/wp-json\/wp\/v2\/users\/2"}],"replies":[{"embeddable":true,"href":"https:\/\/principesdeparis.es\/principes\/wp-json\/wp\/v2\/comments?post=13832"}],"version-history":[{"count":10,"href":"https:\/\/principesdeparis.es\/principes\/wp-json\/wp\/v2\/posts\/13832\/revisions"}],"predecessor-version":[{"id":13843,"href":"https:\/\/principesdeparis.es\/principes\/wp-json\/wp\/v2\/posts\/13832\/revisions\/13843"}],"wp:featuredmedia":[{"embeddable":true,"href":"https:\/\/principesdeparis.es\/principes\/wp-json\/wp\/v2\/media\/13834"}],"wp:attachment":[{"href":"https:\/\/principesdeparis.es\/principes\/wp-json\/wp\/v2\/media?parent=13832"}],"wp:term":[{"taxonomy":"category","embeddable":true,"href":"https:\/\/principesdeparis.es\/principes\/wp-json\/wp\/v2\/categories?post=13832"},{"taxonomy":"post_tag","embeddable":true,"href":"https:\/\/principesdeparis.es\/principes\/wp-json\/wp\/v2\/tags?post=13832"}],"curies":[{"name":"wp","href":"https:\/\/api.w.org\/{rel}","templated":true}]}}