{"id":13866,"date":"2024-01-16T18:44:27","date_gmt":"2024-01-16T18:44:27","guid":{"rendered":"https:\/\/principesdeparis.es\/principes\/?p=13866"},"modified":"2024-01-16T18:44:27","modified_gmt":"2024-01-16T18:44:27","slug":"jair-se-instala-en-el-eclipse","status":"publish","type":"post","link":"https:\/\/principesdeparis.es\/principes\/jair-se-instala-en-el-eclipse\/","title":{"rendered":"Jair se instala en el eclipse"},"content":{"rendered":"<p style=\"text-align: center;\"><em><strong>El central, tit\u00e1n f\u00edsico de la defensa, ha rebajado al m\u00e1ximo su nivel de concentraci\u00f3n envuelto en dudas que acent\u00faan sus limitaciones con el bal\u00f3n<\/strong><\/em><\/p>\n<p>Jair Amador, como la mayor\u00eda de sus compa\u00f1eros, empez\u00f3 como un tiro la temporada. Ten\u00eda bajo el brazo la renovaci\u00f3n hasta 2025 que firm\u00f3 en marzo, muy pr\u00f3ximo a cumplir 34 a\u00f1os. La operaci\u00f3n se dio por buena por la suma de sus m\u00e9ritos, muy altos en las tres campa\u00f1as anterior en cuanto a rendimiento y participaci\u00f3n junto a Franc\u00e9s o Llu\u00eds L\u00f3pez. Nunca ha sido un prodigio, pero su perfil de perfecto defensor a\u00e9reo, tajante y ganador en la mayor\u00eda de las pugnas f\u00edsicas, avalaban la revisi\u00f3n de su contrato. Valladolid y Eldense sufrieron su ira, pero fue en Tenerife donde el zaguero, junto a Cristian, sostuvo como un monolito a su equipo frente a la cascada de ataques. En un centro de Bermejo, atraves\u00f3 a Juan Soriano y le dio los tres puntos al conjunto. A partir de la visita del Racing y de la ruptura de la magn\u00edfica racha de resultados del conjunto aragon\u00e9s, viaj\u00f3 a otra dimensi\u00f3n inferior. A un eclipse bajo el que comenz\u00f3 a diluirse en Ferrol y que confirm\u00f3 su baj\u00f3n con el gol en propia meta que supuso la derrota frente al Mirand\u00e9s en La Romareda.<\/p>\n<p>Despu\u00e9s de otra actuaci\u00f3n muy pobre en la cat\u00e1strofe en casa con el Alcorc\u00f3n, Bautista le hizo un par de trajes en la remontada del Eibar, y ya, salvo en el estreno de los centrales con Julio Vel\u00e1zquez en el feudo del Espanyol, sus partidos cayeron al suspenso o al muy deficiente como con el Albacete, el Huesca, el Amorebieta, el Levante y este lunes, en Elda, donde toc\u00f3 fondo. Es el futbolista m\u00e1s afectado por las crisis colectivas, ya que una de sus grandes virtudes ha sido siempre proteger al equipo siempre que se le ofrezca buena ropa de abrigo. A la intemperie, expuesto a espacios y a duelos cara a cara con el enemigo, Jair sufre, con una relaci\u00f3n muy justa con el bal\u00f3n en los pies, como un nazareno. Hasta en las alturas ha perdido jerarqu\u00eda: Brugu\u00e9, con 1,74 de estatura, se anticip\u00f3 a su 1,90 en el empate del Levante. No es nuevo que los entrenadores del contrincante ordenen presionar la salida de la pelota para obligar a que Jair sea el encargado de transportarla, lo que se traduce en largos pases sorteados y demasiado previsibles.<\/p>\n<p>Ante el Eldense fue preso de sus sombras, de sus dudas. Mantuvo su reino por alto lejos del \u00e1rea, pero perdi\u00f3 nada menos que 21 balones, una cifra inadmisible para un futbolista en su puesto. Ese c\u00famulo de errores florecieron en gestos que denotaban su tremenda incomodidad y baja forma, en c\u00f3mo se orientaba tarde y mal para el correspondiente despeje, adivinado por el que acud\u00eda a taponarle o, como mal menor, en direcci\u00f3n a ninguna parte cuando no fuera del rect\u00e1ngulo. Jair Amador no jugar\u00e1 el viernes ante el Andorra por acumulaci\u00f3n de tarjetas, la mayor\u00eda concentradas en entradas a destiempo, algunas fuera de su h\u00e1bitat natural. El apag\u00f3n del portugu\u00e9s es absoluto y el Real Zaragoza se ha visto afectado por un futbolista que se mantiene desde hace tiempo en la titularidad por su pasado, un central estupendo para Segunda siempre que est\u00e9 al cien por cien, algo que no sucede desde hace mucho.<\/p>\n","protected":false},"excerpt":{"rendered":"<p>El central, tit\u00e1n f\u00edsico de la defensa, ha rebajado al m\u00e1ximo su nivel de concentraci\u00f3n envuelto en dudas que acent\u00faan sus limitaciones con el bal\u00f3n Jair Amador, como la mayor\u00eda de sus compa\u00f1eros, empez\u00f3 como un tiro la temporada. Ten\u00eda bajo el brazo la renovaci\u00f3n hasta 2025 que firm\u00f3 en <a class=\"read-more\" href=\"https:\/\/principesdeparis.es\/principes\/jair-se-instala-en-el-eclipse\/\">Sigue leyendo<\/a><\/p>\n","protected":false},"author":2,"featured_media":13867,"comment_status":"open","ping_status":"open","sticky":false,"template":"","format":"standard","meta":{"footnotes":""},"categories":[13,1],"tags":[],"class_list":["post-13866","post","type-post","status-publish","format-standard","has-post-thumbnail","hentry","category-publicidad","category-real-zaragoza"],"_links":{"self":[{"href":"https:\/\/principesdeparis.es\/principes\/wp-json\/wp\/v2\/posts\/13866","targetHints":{"allow":["GET"]}}],"collection":[{"href":"https:\/\/principesdeparis.es\/principes\/wp-json\/wp\/v2\/posts"}],"about":[{"href":"https:\/\/principesdeparis.es\/principes\/wp-json\/wp\/v2\/types\/post"}],"author":[{"embeddable":true,"href":"https:\/\/principesdeparis.es\/principes\/wp-json\/wp\/v2\/users\/2"}],"replies":[{"embeddable":true,"href":"https:\/\/principesdeparis.es\/principes\/wp-json\/wp\/v2\/comments?post=13866"}],"version-history":[{"count":1,"href":"https:\/\/principesdeparis.es\/principes\/wp-json\/wp\/v2\/posts\/13866\/revisions"}],"predecessor-version":[{"id":13868,"href":"https:\/\/principesdeparis.es\/principes\/wp-json\/wp\/v2\/posts\/13866\/revisions\/13868"}],"wp:featuredmedia":[{"embeddable":true,"href":"https:\/\/principesdeparis.es\/principes\/wp-json\/wp\/v2\/media\/13867"}],"wp:attachment":[{"href":"https:\/\/principesdeparis.es\/principes\/wp-json\/wp\/v2\/media?parent=13866"}],"wp:term":[{"taxonomy":"category","embeddable":true,"href":"https:\/\/principesdeparis.es\/principes\/wp-json\/wp\/v2\/categories?post=13866"},{"taxonomy":"post_tag","embeddable":true,"href":"https:\/\/principesdeparis.es\/principes\/wp-json\/wp\/v2\/tags?post=13866"}],"curies":[{"name":"wp","href":"https:\/\/api.w.org\/{rel}","templated":true}]}}