{"id":13869,"date":"2024-01-17T14:53:31","date_gmt":"2024-01-17T14:53:31","guid":{"rendered":"https:\/\/principesdeparis.es\/principes\/?p=13869"},"modified":"2024-01-17T15:42:33","modified_gmt":"2024-01-17T15:42:33","slug":"la-levedad-de-toni-moya-y-el-magnicidio-con-francho","status":"publish","type":"post","link":"https:\/\/principesdeparis.es\/principes\/la-levedad-de-toni-moya-y-el-magnicidio-con-francho\/","title":{"rendered":"La levedad de Toni Moya y el magnicidio con Francho"},"content":{"rendered":"<p style=\"text-align: center;\"><em><strong>El centrocampista extreme\u00f1o, fichado como piedra angular de la creaci\u00f3n del equipo, desempe\u00f1a una funci\u00f3n anodina y ha sacado de su espacio natural al canterano, desorientado en una labor gris que le ha llevado a jugar incluso de lateral izquierdo<\/strong><\/em><\/p>\n<p>El fichaje de Toni Moya parec\u00eda enriquecer al centro del campo con un futbolista con diferentes registros y cierta personalidad. Formado en el Atl\u00e9tico de Madrid y curtido como cedido al Alav\u00e9s, donde jug\u00f3 en la \u00e9lite en su primer a\u00f1o y tuvo relevancia la pasada temporada en el regreso a Primera del conjunto vasco con tres goles y cuatro asistencias, hizo que Juan Carlos Cordero, quien hab\u00eda elegido en principio a Aleix Febas, apostara por el extreme\u00f1o en el mercado de verano: lleg\u00f3 con la carta de libertad y se le extendi\u00f3 un contrato hasta 2025. Moya, sin embargo, est\u00e1 resultando una gran decepci\u00f3n, con un rendimiento muy por debajo de lo esperado. Julio Vel\u00e1zquez le ha recuperado para la causa desde el encuentro frente al Legan\u00e9s despu\u00e9s del castigo de Fran Escrib\u00e1, que le tuvo siete jornadas consecutivas en la banqueta, tres de ellas sin participar un solo minuto. El futbolista, sin embargo, sigue sin aportar la sustancia que se le presum\u00eda, lejos de los perfiles que le anunciaban como organizador, \u00faltimo pasador, potente lanzador de segunda l\u00ednea y especialista en el bal\u00f3n parado.<\/p>\n<p>El nuevo entrenador le otorg\u00f3 su absoluta confianza despu\u00e9s del desastre del Carlos Belmonte y subi\u00f3 su tono de participaci\u00f3n, amparado por una calidad t\u00e9cnica que en pocas ocasiones va acompa\u00f1ada de regularidad. En la etapa de Escrib\u00e1, Moya form\u00f3 primero en uno de los v\u00e9rtices del rombo, donde con Aguado, Francho y Mesa el equipo brind\u00f3 posiblemente los mejores minutos de la temporada, al menos con el respaldo de resultados que se contaban por victorias. Trasladado al doble pivote por la lesi\u00f3n de Francho, desenton\u00f3 con Aguado, a quien le priv\u00f3 de la pelota, de los espacios y de la funci\u00f3n que administrador que correspond\u00eda a su compa\u00f1ero, con un traslado muy horizontal del bal\u00f3n. Tampoco cuaj\u00f3 con Grau en ese papel de coordinador ya en el ojo del hurac\u00e1n de la primera crisis que se le llev\u00f3 por delante con el triste par\u00e9ntesis de la eliminaci\u00f3n de Copa frente al Atzeneta, donde estuvo en el once. Julio Vel\u00e1zquez le reintegr\u00f3 en la titularidad y ahora ejerce a la derecha de Aguado sin que haya logrado establecer la jerarqu\u00eda que se le supon\u00eda. En los 19 partidos en los que ha intervenido (13 de principio) no ha marcado un solo gol ni ha ofrecido una asistencia. Tampoco ha destacado por su disparo de larga distancia y en defensa no es un futbolista excesivamente generoso.<\/p>\n<p>Comenzada la segunda vuelta, a\u00fan se le espera en una zona cada d\u00eda m\u00e1s vulnerable y con menos capacidad de ruptura por imaginaci\u00f3n y llegada a la altura de tres cuartos, sin apenas producci\u00f3n de centros ventajosos para los delanteros y que echa en falta al lesionado Valera, el \u00fanico con aut\u00e9ntica naturaleza vertical por su cuenta. El modelo de los cinco defensas, forzado por las bajas de Nieto, Lecoeuche, Az\u00f3n y Bakis, fue todo un \u00e9xito breve. Poco a poco se ha ido desvaneciendo y en Elda se chaf\u00f3 por completo. Jair no respondi\u00f3 a ninguna llamada y Moya se puso en modo avi\u00f3n. Si ese dibujo ha perjudicado a alguien, ese es Francho Serrano. Desplazado del eje, que es donde mejor se expresa, y siendo muy \u00fatil como primer jugador en saltar a la presi\u00f3n o a la carrera, Vel\u00e1zquez lo ha rebajado a pe\u00f3n de obra por la izquierda del tri\u00e1ngulo, una funci\u00f3n secundaria que reduce su potencial y los metros que necesita para tirar del equipo por sorpresa. Ese decisi\u00f3n t\u00e1ctica ha repercutido de la peor manera posible en un Real Zaragoza que abarca menos campo. El magnicidio deportivo con el zaragozano alcanza lo ofensivo cuando el entrenador le ha pedido que ejerza de lateral izquierdo al prescindir de uno de los tres centrales. Francho, pese a su enorme voluntad, cumpli\u00f3 ante el Espanyol, pero contra el Eldense perdi\u00f3 toda br\u00fajula. No es un futbolista para someterle a desfachateces, y menos teniendo a Borge como una opci\u00f3n m\u00e1s que fiable. Hay que encontrar a Moya lo antes posible y, desde luego, devolver a Francho a lugares y funciones que hagan reconocible a este Real Zaragoza sin personalidades destacadas.<\/p>\n","protected":false},"excerpt":{"rendered":"<p>El centrocampista extreme\u00f1o, fichado como piedra angular de la creaci\u00f3n del equipo, desempe\u00f1a una funci\u00f3n anodina y ha sacado de su espacio natural al canterano, desorientado en una labor gris que le ha llevado a jugar incluso de lateral izquierdo El fichaje de Toni Moya parec\u00eda enriquecer al centro del <a class=\"read-more\" href=\"https:\/\/principesdeparis.es\/principes\/la-levedad-de-toni-moya-y-el-magnicidio-con-francho\/\">Sigue leyendo<\/a><\/p>\n","protected":false},"author":2,"featured_media":13871,"comment_status":"open","ping_status":"open","sticky":false,"template":"","format":"standard","meta":{"footnotes":""},"categories":[13,1],"tags":[],"class_list":["post-13869","post","type-post","status-publish","format-standard","has-post-thumbnail","hentry","category-publicidad","category-real-zaragoza"],"_links":{"self":[{"href":"https:\/\/principesdeparis.es\/principes\/wp-json\/wp\/v2\/posts\/13869","targetHints":{"allow":["GET"]}}],"collection":[{"href":"https:\/\/principesdeparis.es\/principes\/wp-json\/wp\/v2\/posts"}],"about":[{"href":"https:\/\/principesdeparis.es\/principes\/wp-json\/wp\/v2\/types\/post"}],"author":[{"embeddable":true,"href":"https:\/\/principesdeparis.es\/principes\/wp-json\/wp\/v2\/users\/2"}],"replies":[{"embeddable":true,"href":"https:\/\/principesdeparis.es\/principes\/wp-json\/wp\/v2\/comments?post=13869"}],"version-history":[{"count":4,"href":"https:\/\/principesdeparis.es\/principes\/wp-json\/wp\/v2\/posts\/13869\/revisions"}],"predecessor-version":[{"id":13875,"href":"https:\/\/principesdeparis.es\/principes\/wp-json\/wp\/v2\/posts\/13869\/revisions\/13875"}],"wp:featuredmedia":[{"embeddable":true,"href":"https:\/\/principesdeparis.es\/principes\/wp-json\/wp\/v2\/media\/13871"}],"wp:attachment":[{"href":"https:\/\/principesdeparis.es\/principes\/wp-json\/wp\/v2\/media?parent=13869"}],"wp:term":[{"taxonomy":"category","embeddable":true,"href":"https:\/\/principesdeparis.es\/principes\/wp-json\/wp\/v2\/categories?post=13869"},{"taxonomy":"post_tag","embeddable":true,"href":"https:\/\/principesdeparis.es\/principes\/wp-json\/wp\/v2\/tags?post=13869"}],"curies":[{"name":"wp","href":"https:\/\/api.w.org\/{rel}","templated":true}]}}