{"id":13955,"date":"2024-01-22T19:34:51","date_gmt":"2024-01-22T19:34:51","guid":{"rendered":"https:\/\/principesdeparis.es\/principes\/?p=13955"},"modified":"2024-01-22T19:35:01","modified_gmt":"2024-01-22T19:35:01","slug":"mi-opinion-en-minuto-32-20","status":"publish","type":"post","link":"https:\/\/principesdeparis.es\/principes\/mi-opinion-en-minuto-32-20\/","title":{"rendered":"Mi opini\u00f3n en Minuto 32"},"content":{"rendered":"<div class=\"entry-content\">\n<div class=\"mwm_rrss_contenedor mwm_rrss_appearance_6 mwm_rrss_alingment_2\" style=\"text-align: center;\"><strong>Jornada 23\u00aa \/ Real Zaragoza 2 Andorra 0<\/strong><\/div>\n<div class=\"entry-content\">\n<h3 style=\"text-align: center;\">\u00abEntre los detalles que condujeron la victoria, hubo uno especial que me parece clave, las dos paradas de Bad\u00eda. Un portero destaca por muchas cosas, pero hay una que habla de su aut\u00e9ntica dimensi\u00f3n: cuando lleva 47 minutos sin recibir un disparo a puerta y es capaz de desactivar un bomba como hizo en el cabezazo de Scheidler. Eso gesto de m\u00e1xima concentraci\u00f3n define a un buen guardameta\u00bb<\/h3>\n<\/div>\n<blockquote class=\"twitter-tweet\">\n<p dir=\"ltr\" lang=\"es\">Nos ha dado tiempo a hablar del aplazamiento, del equipo, de jugadores concretos, manifestando todos nuestra opini\u00f3n.<a href=\"https:\/\/twitter.com\/ferrerla?ref_src=twsrc%5Etfw\">@ferrerla<\/a> <a href=\"https:\/\/twitter.com\/EGTerminalCero?ref_src=twsrc%5Etfw\">@EGTerminalCero<\/a> que casi no ha podido hablar por culpa de la tecnolog\u00eda <a href=\"https:\/\/twitter.com\/alfonherndez?ref_src=twsrc%5Etfw\">@alfonherndez<\/a> <a href=\"https:\/\/twitter.com\/serju1970?ref_src=twsrc%5Etfw\">@serju1970<\/a> y <a href=\"https:\/\/twitter.com\/ortizremacha?ref_src=twsrc%5Etfw\">@ortizremacha<\/a><br \/>\nHasta ma\u00f1ana.<br \/>\n<a href=\"https:\/\/t.co\/bbO08WfiMp\">https:\/\/t.co\/bbO08WfiMp<\/a><\/p>\n<p>\u2014 Minuto 32 Podcast (@minuto_32) <a href=\"https:\/\/twitter.com\/minuto_32\/status\/1749508898480890102?ref_src=twsrc%5Etfw\">January 22, 2024<\/a><\/p><\/blockquote>\n<p><script async src=\"https:\/\/platform.twitter.com\/widgets.js\" charset=\"utf-8\"><\/script><\/p>\n<\/div>\n","protected":false},"excerpt":{"rendered":"<p>Jornada 23\u00aa \/ Real Zaragoza 2 Andorra 0 \u00abEntre los detalles que condujeron la victoria, hubo uno especial que me parece clave, las dos paradas de Bad\u00eda. Un portero destaca por muchas cosas, pero hay una que habla de su aut\u00e9ntica dimensi\u00f3n: cuando lleva 47 minutos sin recibir un disparo <a class=\"read-more\" href=\"https:\/\/principesdeparis.es\/principes\/mi-opinion-en-minuto-32-20\/\">Sigue leyendo<\/a><\/p>\n","protected":false},"author":2,"featured_media":13956,"comment_status":"open","ping_status":"open","sticky":false,"template":"","format":"standard","meta":{"footnotes":""},"categories":[15,13],"tags":[],"class_list":["post-13955","post","type-post","status-publish","format-standard","has-post-thumbnail","hentry","category-otros-temas","category-publicidad"],"_links":{"self":[{"href":"https:\/\/principesdeparis.es\/principes\/wp-json\/wp\/v2\/posts\/13955","targetHints":{"allow":["GET"]}}],"collection":[{"href":"https:\/\/principesdeparis.es\/principes\/wp-json\/wp\/v2\/posts"}],"about":[{"href":"https:\/\/principesdeparis.es\/principes\/wp-json\/wp\/v2\/types\/post"}],"author":[{"embeddable":true,"href":"https:\/\/principesdeparis.es\/principes\/wp-json\/wp\/v2\/users\/2"}],"replies":[{"embeddable":true,"href":"https:\/\/principesdeparis.es\/principes\/wp-json\/wp\/v2\/comments?post=13955"}],"version-history":[{"count":1,"href":"https:\/\/principesdeparis.es\/principes\/wp-json\/wp\/v2\/posts\/13955\/revisions"}],"predecessor-version":[{"id":13957,"href":"https:\/\/principesdeparis.es\/principes\/wp-json\/wp\/v2\/posts\/13955\/revisions\/13957"}],"wp:featuredmedia":[{"embeddable":true,"href":"https:\/\/principesdeparis.es\/principes\/wp-json\/wp\/v2\/media\/13956"}],"wp:attachment":[{"href":"https:\/\/principesdeparis.es\/principes\/wp-json\/wp\/v2\/media?parent=13955"}],"wp:term":[{"taxonomy":"category","embeddable":true,"href":"https:\/\/principesdeparis.es\/principes\/wp-json\/wp\/v2\/categories?post=13955"},{"taxonomy":"post_tag","embeddable":true,"href":"https:\/\/principesdeparis.es\/principes\/wp-json\/wp\/v2\/tags?post=13955"}],"curies":[{"name":"wp","href":"https:\/\/api.w.org\/{rel}","templated":true}]}}